{"id":5020,"date":"2022-11-14T10:30:27","date_gmt":"2022-11-14T09:30:27","guid":{"rendered":"https:\/\/agora.xtec.cat\/escolabacdecerdanya\/?p=5020"},"modified":"2022-11-14T10:30:27","modified_gmt":"2022-11-14T09:30:27","slug":"experimentem","status":"publish","type":"post","link":"https:\/\/agora.xtec.cat\/escolabacdecerdanya\/general\/experimentem\/","title":{"rendered":"EXPERIMENTEM!"},"content":{"rendered":"<p>A 2n estem treballant el projecte sobre la Terra, el Sol i la Lluna. Per poder anar descobrint com funciona tot plegat, hem fet unes sessions d&#8217;experiments: amb l&#8217;aire i amb el Sol.<\/p>\n<p>Hem vist que la Terra t\u00e9 tres parts principals: la terra, l&#8217;aigua i l&#8217;atmosfera (que \u00e9s on trobem l&#8217;aire que respirem).<\/p>\n<p>Per saber m\u00e9s coses sobre l&#8217;aire hem fet alguns experiments i hem descobert tres coses molt interessants:<\/p>\n<ul>\n<li>L&#8217;AIRE OCUPA LLOC<\/li>\n<li>L&#8217;AIRE CALENT PUJA<\/li>\n<li>L&#8217;AIRE PESA<\/li>\n<\/ul>\n<p>Tamb\u00e9 hem descobert que la Lluna gira al voltant de la Terra, i que la Terra gira al voltant del sol i sobre si mateixa. A nosaltres ens sembla que \u00e9s el Sol qui gira i que nosaltres estem quiets, per aix\u00f2 hem fet un experiment sobre el Sol i hem conegut els PUNTS CARDINALS que s\u00f3n 4: Sud, Est, Nord i Oest (tot i que a la br\u00faixola sort una W!!).<\/p>\n<p>Hem observat el moviments del Sol (o de nosaltres, quin embolic!!):<\/p>\n<p>PRIMER EL TENIM AL SUD EST, DESPR\u00c9S PASSA PEL SUD I ACABA A L&#8217;OEST.<\/p>\n<h4><strong>Si voleu veure m\u00e9s fotos dels nostres experiments, cliqueu sobre les imatges i busqueu l&#8217;\u00e0lbum!<\/strong><\/h4>\n<table style=\"border-collapse: collapse; width: 100%;\">\n<tbody>\n<tr>\n<td style=\"width: 50%;\"><a href=\"https:\/\/agora.xtec.cat\/escolabacdecerdanya\/albums-de-fotos\/cicle-inicial\/\"><img loading=\"lazy\" decoding=\"async\" class=\"alignnone size-large wp-image-5045\" src=\"https:\/\/agora.xtec.cat\/escolabacdecerdanya\/wp-content\/uploads\/usu1753\/2022\/11\/IMG_8498-768x1024.jpg\" alt=\"\" width=\"768\" height=\"1024\" srcset=\"https:\/\/agora.xtec.cat\/escolabacdecerdanya\/wp-content\/uploads\/usu1753\/2022\/11\/IMG_8498-768x1023.jpg 768w, https:\/\/agora.xtec.cat\/escolabacdecerdanya\/wp-content\/uploads\/usu1753\/2022\/11\/IMG_8498-225x300.jpg 225w, https:\/\/agora.xtec.cat\/escolabacdecerdanya\/wp-content\/uploads\/usu1753\/2022\/11\/IMG_8498.jpg 908w\" sizes=\"auto, (max-width: 768px) 100vw, 768px\" \/><\/a><\/td>\n<td style=\"width: 50%;\"><a href=\"https:\/\/agora.xtec.cat\/escolabacdecerdanya\/albums-de-fotos\/cicle-inicial\/\"><img loading=\"lazy\" decoding=\"async\" class=\"alignnone size-large wp-image-5044\" src=\"https:\/\/agora.xtec.cat\/escolabacdecerdanya\/wp-content\/uploads\/usu1753\/2022\/11\/IMG_8538-1024x768.jpg\" alt=\"\" width=\"1024\" height=\"768\" srcset=\"https:\/\/agora.xtec.cat\/escolabacdecerdanya\/wp-content\/uploads\/usu1753\/2022\/11\/IMG_8538-1024x768.jpg 1024w, https:\/\/agora.xtec.cat\/escolabacdecerdanya\/wp-content\/uploads\/usu1753\/2022\/11\/IMG_8538-300x225.jpg 300w, https:\/\/agora.xtec.cat\/escolabacdecerdanya\/wp-content\/uploads\/usu1753\/2022\/11\/IMG_8538-768x576.jpg 768w, https:\/\/agora.xtec.cat\/escolabacdecerdanya\/wp-content\/uploads\/usu1753\/2022\/11\/IMG_8538-200x150.jpg 200w, https:\/\/agora.xtec.cat\/escolabacdecerdanya\/wp-content\/uploads\/usu1753\/2022\/11\/IMG_8538.jpg 1210w\" sizes=\"auto, (max-width: 1024px) 100vw, 1024px\" \/><\/a><\/td>\n<\/tr>\n<\/tbody>\n<\/table>\n<p>&nbsp;<\/p>\n","protected":false},"excerpt":{"rendered":"<p>A 2n estem treballant el projecte sobre la Terra, el Sol i la Lluna. Per poder anar descobrint com funciona tot plegat, hem fet unes sessions d&#8217;experiments: amb l&#8217;aire i amb el Sol.&hellip;  <a href=\"https:\/\/agora.xtec.cat\/escolabacdecerdanya\/general\/experimentem\/\" title=\"Read EXPERIMENTEM!\">Llegeix m\u00e9s\u00bb<\/a><\/p>\n","protected":false},"author":3,"featured_media":5044,"comment_status":"open","ping_status":"closed","sticky":false,"template":"","format":"standard","meta":{"_bbp_topic_count":0,"_bbp_reply_count":0,"_bbp_total_topic_count":0,"_bbp_total_reply_count":0,"_bbp_voice_count":0,"_bbp_anonymous_reply_count":0,"_bbp_topic_count_hidden":0,"_bbp_reply_count_hidden":0,"_bbp_forum_subforum_count":0,"footnotes":""},"categories":[11,104,1,61,4],"tags":[249,165],"class_list":["post-5020","post","type-post","status-publish","format-standard","has-post-thumbnail","hentry","category-2n","category-inicial","category-general","category-novetats","category-portada","tag-experiments","tag-projectes"],"post_mailing_queue_ids":[],"_links":{"self":[{"href":"https:\/\/agora.xtec.cat\/escolabacdecerdanya\/wp-json\/wp\/v2\/posts\/5020","targetHints":{"allow":["GET"]}}],"collection":[{"href":"https:\/\/agora.xtec.cat\/escolabacdecerdanya\/wp-json\/wp\/v2\/posts"}],"about":[{"href":"https:\/\/agora.xtec.cat\/escolabacdecerdanya\/wp-json\/wp\/v2\/types\/post"}],"author":[{"embeddable":true,"href":"https:\/\/agora.xtec.cat\/escolabacdecerdanya\/wp-json\/wp\/v2\/users\/3"}],"replies":[{"embeddable":true,"href":"https:\/\/agora.xtec.cat\/escolabacdecerdanya\/wp-json\/wp\/v2\/comments?post=5020"}],"version-history":[{"count":2,"href":"https:\/\/agora.xtec.cat\/escolabacdecerdanya\/wp-json\/wp\/v2\/posts\/5020\/revisions"}],"predecessor-version":[{"id":5047,"href":"https:\/\/agora.xtec.cat\/escolabacdecerdanya\/wp-json\/wp\/v2\/posts\/5020\/revisions\/5047"}],"wp:featuredmedia":[{"embeddable":true,"href":"https:\/\/agora.xtec.cat\/escolabacdecerdanya\/wp-json\/wp\/v2\/media\/5044"}],"wp:attachment":[{"href":"https:\/\/agora.xtec.cat\/escolabacdecerdanya\/wp-json\/wp\/v2\/media?parent=5020"}],"wp:term":[{"taxonomy":"category","embeddable":true,"href":"https:\/\/agora.xtec.cat\/escolabacdecerdanya\/wp-json\/wp\/v2\/categories?post=5020"},{"taxonomy":"post_tag","embeddable":true,"href":"https:\/\/agora.xtec.cat\/escolabacdecerdanya\/wp-json\/wp\/v2\/tags?post=5020"}],"curies":[{"name":"wp","href":"https:\/\/api.w.org\/{rel}","templated":true}]}}