{"id":5002,"date":"2022-10-25T10:00:40","date_gmt":"2022-10-25T08:00:40","guid":{"rendered":"https:\/\/agora.xtec.cat\/escolabacdecerdanya\/?p=5002"},"modified":"2022-11-04T15:28:12","modified_gmt":"2022-11-04T14:28:12","slug":"setmana-cultural-la-musica","status":"publish","type":"post","link":"https:\/\/agora.xtec.cat\/escolabacdecerdanya\/general\/setmana-cultural-la-musica\/","title":{"rendered":"SETMANA CULTURAL: La m\u00fasica!!"},"content":{"rendered":"<p>El dilluns passat estat a classe, ens van cridar per l&#8217;altaveu a participar en un concurs on hav\u00edem d&#8217;endevinar una paraula misteriosa, si ho aconsegu\u00edem tindr\u00edem un meravell\u00f3s premi d&#8217;un viatge!!!<\/p>\n<p><img loading=\"lazy\" decoding=\"async\" class=\"wp-image-5006 aligncenter\" src=\"https:\/\/agora.xtec.cat\/escolabacdecerdanya\/wp-content\/uploads\/usu1753\/2022\/10\/presentacio.jpg\" alt=\"\" width=\"476\" height=\"357\" srcset=\"https:\/\/agora.xtec.cat\/escolabacdecerdanya\/wp-content\/uploads\/usu1753\/2022\/10\/presentacio.jpg 1210w, https:\/\/agora.xtec.cat\/escolabacdecerdanya\/wp-content\/uploads\/usu1753\/2022\/10\/presentacio-300x225.jpg 300w, https:\/\/agora.xtec.cat\/escolabacdecerdanya\/wp-content\/uploads\/usu1753\/2022\/10\/presentacio-1024x768.jpg 1024w, https:\/\/agora.xtec.cat\/escolabacdecerdanya\/wp-content\/uploads\/usu1753\/2022\/10\/presentacio-768x576.jpg 768w, https:\/\/agora.xtec.cat\/escolabacdecerdanya\/wp-content\/uploads\/usu1753\/2022\/10\/presentacio-200x150.jpg 200w\" sizes=\"auto, (max-width: 476px) 100vw, 476px\" \/><\/p>\n<p>Aix\u00ed comen\u00e7ava la setmana cultural d&#8217;aquest any i ens ha perm\u00e8s endinsar-nos dins el m\u00f3n de la m\u00fasica!! Hem apr\u00e8s la seva hist\u00f2ria, hem descobert m\u00fasiques del m\u00f3n i tradicionals, hem fet de lutiers construint instruments, hem ballat, hem tocat,&#8230;i tot aix\u00f2 envoltats d&#8217;estrelles musicals que decoraven les parets de l&#8217;escola.<\/p>\n<p><img loading=\"lazy\" decoding=\"async\" class=\"wp-image-5007 aligncenter\" src=\"https:\/\/agora.xtec.cat\/escolabacdecerdanya\/wp-content\/uploads\/usu1753\/2022\/10\/tocant.jpg\" alt=\"\" width=\"475\" height=\"268\" srcset=\"https:\/\/agora.xtec.cat\/escolabacdecerdanya\/wp-content\/uploads\/usu1753\/2022\/10\/tocant.jpg 1200w, https:\/\/agora.xtec.cat\/escolabacdecerdanya\/wp-content\/uploads\/usu1753\/2022\/10\/tocant-300x169.jpg 300w, https:\/\/agora.xtec.cat\/escolabacdecerdanya\/wp-content\/uploads\/usu1753\/2022\/10\/tocant-1024x578.jpg 1024w, https:\/\/agora.xtec.cat\/escolabacdecerdanya\/wp-content\/uploads\/usu1753\/2022\/10\/tocant-768x433.jpg 768w\" sizes=\"auto, (max-width: 475px) 100vw, 475px\" \/><\/p>\n<p>Per acabar la setmana i com a cloenda, vam poder fer una cercavila i tot amb la companyia de grallers que van venir expressament per compartir aquest dia amb nosaltres!! MOLTES GR\u00c0CIES!!!!!<\/p>\n<table style=\"border-collapse: collapse; width: 100%;\">\n<tbody>\n<tr>\n<td style=\"width: 50%;\"><img loading=\"lazy\" decoding=\"async\" class=\"alignleft size-full wp-image-5005\" src=\"https:\/\/agora.xtec.cat\/escolabacdecerdanya\/wp-content\/uploads\/usu1753\/2022\/10\/gegants.jpg\" alt=\"\" width=\"1210\" height=\"908\" srcset=\"https:\/\/agora.xtec.cat\/escolabacdecerdanya\/wp-content\/uploads\/usu1753\/2022\/10\/gegants.jpg 1210w, https:\/\/agora.xtec.cat\/escolabacdecerdanya\/wp-content\/uploads\/usu1753\/2022\/10\/gegants-300x225.jpg 300w, https:\/\/agora.xtec.cat\/escolabacdecerdanya\/wp-content\/uploads\/usu1753\/2022\/10\/gegants-1024x768.jpg 1024w, https:\/\/agora.xtec.cat\/escolabacdecerdanya\/wp-content\/uploads\/usu1753\/2022\/10\/gegants-768x576.jpg 768w, https:\/\/agora.xtec.cat\/escolabacdecerdanya\/wp-content\/uploads\/usu1753\/2022\/10\/gegants-200x150.jpg 200w\" sizes=\"auto, (max-width: 1210px) 100vw, 1210px\" \/><\/td>\n<td style=\"width: 50%;\"><img loading=\"lazy\" decoding=\"async\" class=\"alignleft size-full wp-image-5004\" src=\"https:\/\/agora.xtec.cat\/escolabacdecerdanya\/wp-content\/uploads\/usu1753\/2022\/10\/cercavila.jpg\" alt=\"\" width=\"1210\" height=\"908\" srcset=\"https:\/\/agora.xtec.cat\/escolabacdecerdanya\/wp-content\/uploads\/usu1753\/2022\/10\/cercavila.jpg 1210w, https:\/\/agora.xtec.cat\/escolabacdecerdanya\/wp-content\/uploads\/usu1753\/2022\/10\/cercavila-300x225.jpg 300w, https:\/\/agora.xtec.cat\/escolabacdecerdanya\/wp-content\/uploads\/usu1753\/2022\/10\/cercavila-1024x768.jpg 1024w, https:\/\/agora.xtec.cat\/escolabacdecerdanya\/wp-content\/uploads\/usu1753\/2022\/10\/cercavila-768x576.jpg 768w, https:\/\/agora.xtec.cat\/escolabacdecerdanya\/wp-content\/uploads\/usu1753\/2022\/10\/cercavila-200x150.jpg 200w\" sizes=\"auto, (max-width: 1210px) 100vw, 1210px\" \/><\/td>\n<\/tr>\n<\/tbody>\n<\/table>\n<p>Al final tots vam guanyar un S\u00daPER premi: un viatge d&#8217;un dia al Liceu a veure &#8220;LA FLAUTA M\u00c1GICA&#8221;!!<\/p>\n<p>Si voleu veure m\u00e9s fotos, cliqueu <a href=\"https:\/\/agora.xtec.cat\/escolabacdecerdanya\/albums-de-fotos\/escola\/\">AQU\u00cd<\/a> i busqueu l&#8217;\u00e0lbum de fotos de la Setmana Cultural.<\/p>\n","protected":false},"excerpt":{"rendered":"<p>Ja hem celebrat la setmana cultural i aquest any hem apr\u00e8s un munt de coses sobre M\u00daSICA!!&hellip;  <a href=\"https:\/\/agora.xtec.cat\/escolabacdecerdanya\/general\/setmana-cultural-la-musica\/\" title=\"Read SETMANA CULTURAL: La m\u00fasica!!\">Llegeix m\u00e9s\u00bb<\/a><\/p>\n","protected":false},"author":1,"featured_media":5005,"comment_status":"open","ping_status":"closed","sticky":false,"template":"","format":"standard","meta":{"_bbp_topic_count":0,"_bbp_reply_count":0,"_bbp_total_topic_count":0,"_bbp_total_reply_count":0,"_bbp_voice_count":0,"_bbp_anonymous_reply_count":0,"_bbp_topic_count_hidden":0,"_bbp_reply_count_hidden":0,"_bbp_forum_subforum_count":0,"footnotes":""},"categories":[104,105,76,103,1,61,4,79],"tags":[247,246],"class_list":["post-5002","post","type-post","status-publish","format-standard","has-post-thumbnail","hentry","category-inicial","category-mitja","category-cicle-superior","category-infantil-2","category-general","category-novetats","category-portada","category-setman-cultural","tag-musica","tag-setmana-cultural"],"post_mailing_queue_ids":[],"_links":{"self":[{"href":"https:\/\/agora.xtec.cat\/escolabacdecerdanya\/wp-json\/wp\/v2\/posts\/5002","targetHints":{"allow":["GET"]}}],"collection":[{"href":"https:\/\/agora.xtec.cat\/escolabacdecerdanya\/wp-json\/wp\/v2\/posts"}],"about":[{"href":"https:\/\/agora.xtec.cat\/escolabacdecerdanya\/wp-json\/wp\/v2\/types\/post"}],"author":[{"embeddable":true,"href":"https:\/\/agora.xtec.cat\/escolabacdecerdanya\/wp-json\/wp\/v2\/users\/1"}],"replies":[{"embeddable":true,"href":"https:\/\/agora.xtec.cat\/escolabacdecerdanya\/wp-json\/wp\/v2\/comments?post=5002"}],"version-history":[{"count":3,"href":"https:\/\/agora.xtec.cat\/escolabacdecerdanya\/wp-json\/wp\/v2\/posts\/5002\/revisions"}],"predecessor-version":[{"id":5017,"href":"https:\/\/agora.xtec.cat\/escolabacdecerdanya\/wp-json\/wp\/v2\/posts\/5002\/revisions\/5017"}],"wp:featuredmedia":[{"embeddable":true,"href":"https:\/\/agora.xtec.cat\/escolabacdecerdanya\/wp-json\/wp\/v2\/media\/5005"}],"wp:attachment":[{"href":"https:\/\/agora.xtec.cat\/escolabacdecerdanya\/wp-json\/wp\/v2\/media?parent=5002"}],"wp:term":[{"taxonomy":"category","embeddable":true,"href":"https:\/\/agora.xtec.cat\/escolabacdecerdanya\/wp-json\/wp\/v2\/categories?post=5002"},{"taxonomy":"post_tag","embeddable":true,"href":"https:\/\/agora.xtec.cat\/escolabacdecerdanya\/wp-json\/wp\/v2\/tags?post=5002"}],"curies":[{"name":"wp","href":"https:\/\/api.w.org\/{rel}","templated":true}]}}