{"id":500,"date":"2017-05-15T09:42:00","date_gmt":"2017-05-15T07:42:00","guid":{"rendered":"http:\/\/agora.xtec.cat\/escolabacdecerdanya\/general\/marxem-de-colonies\/"},"modified":"2017-05-15T09:42:00","modified_gmt":"2017-05-15T07:42:00","slug":"marxem-de-colonies","status":"publish","type":"post","link":"https:\/\/agora.xtec.cat\/escolabacdecerdanya\/sortida\/marxem-de-colonies\/","title":{"rendered":"MARXEM DE COL\u00d2NIES!!!"},"content":{"rendered":"<p><span style=\"font-family: Verdana, sans-serif;\">Marxeeeeeem!!!<\/span><br \/><span style=\"font-family: Verdana, sans-serif;\"><br \/><\/span><span style=\"font-family: Verdana, sans-serif;\">Aquesta setmana les nenes i els nens de l&#8217;escola, juntament amb uns quants mestres, marxem de col\u00f2nies fins el dimecres!<\/span><br \/><span style=\"font-family: Verdana, sans-serif;\"><br \/><\/span><span style=\"font-family: Verdana, sans-serif;\">Passarem tres dies ben distrets a <span style=\"color: #0b5394;\"><b>La Garbinada a Torroella de Montgr\u00ed<\/b><\/span>.<\/span><br \/><span style=\"font-family: Verdana, sans-serif;\">Voleu veure que b\u00e9 ens ho passem, cliqueu <a href=\"https:\/\/goo.gl\/photos\/ukXfMGmdA1mSK5L7A\" target=\"_blank\">AQU\u00cd<\/a>!<\/span><\/p>\n","protected":false},"excerpt":{"rendered":"<p>Marxeeeeeem!!!Aquesta setmana les nenes i els nens de l&#8217;escola, juntament amb uns quants mestres, marxem de col\u00f2nies fins el dimecres!Passarem tres dies ben distrets a La Garbinada a Torroella de Montgr\u00ed.Voleu veure que b\u00e9 ens ho passem, cliqueu <a href=\"https:\/\/goo.gl\/photos\/ukXfMGmdA1mSK5L7A\" target=\"_blank\">AQU\u00cd<\/a>!<\/p>\n","protected":false},"author":1,"featured_media":0,"comment_status":"open","ping_status":"closed","sticky":false,"template":"","format":"standard","meta":{"_bbp_topic_count":0,"_bbp_reply_count":0,"_bbp_total_topic_count":0,"_bbp_total_reply_count":0,"_bbp_voice_count":0,"_bbp_anonymous_reply_count":0,"_bbp_topic_count_hidden":0,"_bbp_reply_count_hidden":0,"_bbp_forum_subforum_count":0,"footnotes":""},"categories":[89,86],"tags":[],"class_list":["post-500","post","type-post","status-publish","format-standard","hentry","category-colonies","category-sortida"],"post_mailing_queue_ids":[],"_links":{"self":[{"href":"https:\/\/agora.xtec.cat\/escolabacdecerdanya\/wp-json\/wp\/v2\/posts\/500","targetHints":{"allow":["GET"]}}],"collection":[{"href":"https:\/\/agora.xtec.cat\/escolabacdecerdanya\/wp-json\/wp\/v2\/posts"}],"about":[{"href":"https:\/\/agora.xtec.cat\/escolabacdecerdanya\/wp-json\/wp\/v2\/types\/post"}],"author":[{"embeddable":true,"href":"https:\/\/agora.xtec.cat\/escolabacdecerdanya\/wp-json\/wp\/v2\/users\/1"}],"replies":[{"embeddable":true,"href":"https:\/\/agora.xtec.cat\/escolabacdecerdanya\/wp-json\/wp\/v2\/comments?post=500"}],"version-history":[{"count":0,"href":"https:\/\/agora.xtec.cat\/escolabacdecerdanya\/wp-json\/wp\/v2\/posts\/500\/revisions"}],"wp:attachment":[{"href":"https:\/\/agora.xtec.cat\/escolabacdecerdanya\/wp-json\/wp\/v2\/media?parent=500"}],"wp:term":[{"taxonomy":"category","embeddable":true,"href":"https:\/\/agora.xtec.cat\/escolabacdecerdanya\/wp-json\/wp\/v2\/categories?post=500"},{"taxonomy":"post_tag","embeddable":true,"href":"https:\/\/agora.xtec.cat\/escolabacdecerdanya\/wp-json\/wp\/v2\/tags?post=500"}],"curies":[{"name":"wp","href":"https:\/\/api.w.org\/{rel}","templated":true}]}}