{"id":499,"date":"2017-05-21T11:06:00","date_gmt":"2017-05-21T09:06:00","guid":{"rendered":"http:\/\/agora.xtec.cat\/escolabacdecerdanya\/general\/festa-del-pati\/"},"modified":"2017-05-21T11:06:00","modified_gmt":"2017-05-21T09:06:00","slug":"festa-del-pati","status":"publish","type":"post","link":"https:\/\/agora.xtec.cat\/escolabacdecerdanya\/families\/festa-del-pati\/","title":{"rendered":"FESTA DEL PATI"},"content":{"rendered":"<p><span style=\"font-family: &quot;verdana&quot; , sans-serif;\">Avui, tot i ser diumenge, ens hem trobat a l&#8217;escola una bona colla de pares, mares, nens, nenes i mestres per tal de millorar el nostre pati.<\/span><br \/><span style=\"font-family: &quot;verdana&quot; , sans-serif;\"><br \/><\/span><span style=\"font-family: &quot;verdana&quot; , sans-serif;\">Primer vam demanar als alumnes de l&#8217;escola quins canvis els agradaria fer al pati de l&#8217;escola i en vam fer un llistat, despr\u00e9s es va fer una reuni\u00f3 amb pares i mestres per tal de seleccionar quins canvis serien possibles a curt termini i quins es podrien fer m\u00e9s endavant.<\/span><br \/><span style=\"font-family: &quot;verdana&quot; , sans-serif;\"><br \/><\/span><span style=\"font-family: &quot;verdana&quot; , sans-serif;\">Aix\u00ed doncs aqu\u00ed ens teniu, mans a l&#8217;obra tots junts i arremengats!<\/span><br \/><span style=\"font-family: &quot;verdana&quot; , sans-serif;\"><br \/><\/span><span style=\"font-family: &quot;verdana&quot; , sans-serif;\">Voleu veure com treballem? Doncs cliqueu a la foto!!<\/span><br \/><span style=\"font-family: &quot;verdana&quot; , sans-serif;\"><br \/><\/span><\/p>\n<div style=\"clear: both; text-align: center;\"><a href=\"https:\/\/goo.gl\/photos\/qRKFFh3GnVZufKzRA\" target=\"_blank\"><img loading=\"lazy\" decoding=\"async\" border=\"0\" height=\"139\" src=\"https:\/\/3.bp.blogspot.com\/-fjoKDJOhDiA\/WSFYXaXZI5I\/AAAAAAAAL9k\/_Fz_8e3FnvYanvOjVKuNDcY61-wmV0vhACKgB\/s640\/DSC_0037.JPG\" width=\"640\" \/><\/a><\/div>\n<p><span style=\"font-family: Verdana, sans-serif;\">I tamb\u00e9 hem tingut temps de menjar una mica!!<\/span><br \/><span style=\"font-family: Verdana, sans-serif;\"><br \/><\/span><\/p>\n<div style=\"clear: both; text-align: center;\"><a href=\"https:\/\/goo.gl\/photos\/PbamvdRaeJVK3G28A\" target=\"_blank\"><img loading=\"lazy\" decoding=\"async\" border=\"0\" height=\"180\" src=\"https:\/\/4.bp.blogspot.com\/-m9c1hI4FBcg\/WSFnFnHHUyI\/AAAAAAAAMAc\/qf6OTVV3qFwRI21EYWNR8ODYtAltAapmwCKgB\/s400\/IMG_2620.JPG\" width=\"400\" \/><\/a><\/div>\n<p><\/p>\n","protected":false},"excerpt":{"rendered":"<p>Avui, tot i ser diumenge, ens hem trobat a l&#8217;escola una bona colla de pares, mares, nens, nenes i mestres per tal de millorar el nostre pati.Primer vam demanar als alumnes de l&#8217;escola quins canvis els agradaria fer al pati de l&#8217;escola i en vam&hellip;  <a href=\"https:\/\/agora.xtec.cat\/escolabacdecerdanya\/families\/festa-del-pati\/\" title=\"Read FESTA DEL PATI\">Llegeix m\u00e9s\u00bb<\/a><\/p>\n","protected":false},"author":1,"featured_media":0,"comment_status":"open","ping_status":"closed","sticky":false,"template":"","format":"standard","meta":{"_bbp_topic_count":0,"_bbp_reply_count":0,"_bbp_total_topic_count":0,"_bbp_total_reply_count":0,"_bbp_voice_count":0,"_bbp_anonymous_reply_count":0,"_bbp_topic_count_hidden":0,"_bbp_reply_count_hidden":0,"_bbp_forum_subforum_count":0,"footnotes":""},"categories":[60,88,61,83],"tags":[],"class_list":["post-499","post","type-post","status-publish","format-standard","hentry","category-families","category-festa-del-pati","category-novetats","category-pati"],"post_mailing_queue_ids":[],"_links":{"self":[{"href":"https:\/\/agora.xtec.cat\/escolabacdecerdanya\/wp-json\/wp\/v2\/posts\/499","targetHints":{"allow":["GET"]}}],"collection":[{"href":"https:\/\/agora.xtec.cat\/escolabacdecerdanya\/wp-json\/wp\/v2\/posts"}],"about":[{"href":"https:\/\/agora.xtec.cat\/escolabacdecerdanya\/wp-json\/wp\/v2\/types\/post"}],"author":[{"embeddable":true,"href":"https:\/\/agora.xtec.cat\/escolabacdecerdanya\/wp-json\/wp\/v2\/users\/1"}],"replies":[{"embeddable":true,"href":"https:\/\/agora.xtec.cat\/escolabacdecerdanya\/wp-json\/wp\/v2\/comments?post=499"}],"version-history":[{"count":0,"href":"https:\/\/agora.xtec.cat\/escolabacdecerdanya\/wp-json\/wp\/v2\/posts\/499\/revisions"}],"wp:attachment":[{"href":"https:\/\/agora.xtec.cat\/escolabacdecerdanya\/wp-json\/wp\/v2\/media?parent=499"}],"wp:term":[{"taxonomy":"category","embeddable":true,"href":"https:\/\/agora.xtec.cat\/escolabacdecerdanya\/wp-json\/wp\/v2\/categories?post=499"},{"taxonomy":"post_tag","embeddable":true,"href":"https:\/\/agora.xtec.cat\/escolabacdecerdanya\/wp-json\/wp\/v2\/tags?post=499"}],"curies":[{"name":"wp","href":"https:\/\/api.w.org\/{rel}","templated":true}]}}