{"id":498,"date":"2017-05-22T15:31:00","date_gmt":"2017-05-22T13:31:00","guid":{"rendered":"http:\/\/agora.xtec.cat\/escolabacdecerdanya\/general\/estrenem-pati\/"},"modified":"2017-05-22T15:31:00","modified_gmt":"2017-05-22T13:31:00","slug":"estrenem-pati","status":"publish","type":"post","link":"https:\/\/agora.xtec.cat\/escolabacdecerdanya\/families\/estrenem-pati\/","title":{"rendered":"ESTRENEM PATI!!"},"content":{"rendered":"<p><span style=\"font-family: Verdana, sans-serif;\">Avui a l&#8217;hora del pati tots els i les alumnes de l&#8217;escola han pogut estrenar les noves activitats del pati.<\/span><\/p>\n<div><span style=\"font-family: Verdana, sans-serif;\"><br \/><\/span><\/div>\n<div><span style=\"font-family: Verdana, sans-serif;\">Els ha encantat tots els raconets nous que tenim i s&#8217;ho han passat d&#8217;all\u00f2 m\u00e9s b\u00e9 provant totes les novetats.<\/span><\/div>\n<div><span style=\"font-family: Verdana, sans-serif;\"><br \/><\/span><\/div>\n<div><span style=\"font-family: Verdana, sans-serif;\">Per\u00f2 cal dir que tot aix\u00f2 hagu\u00e9s estat impossible sense l&#8217;implicaci\u00f3 de pares, mares, mestres i nens.<span style=\"color: #351c75; font-size: large;\"><b> SOU GENIALS<\/b><\/span>!!<\/span><\/div>\n<div><span style=\"font-family: Verdana, sans-serif;\"><br \/><\/span><\/div>\n<div><span style=\"font-family: Verdana, sans-serif;\">Per aix\u00f2 dir-vos a tots&#8230;.<span style=\"color: #990000; font-size: x-large;\"><b>MOLTES GR\u00c0CIES<\/b><\/span>!!!<\/span><\/div>\n<div><span style=\"font-family: Verdana, sans-serif;\"><br \/><\/span><\/div>\n<div style=\"clear: both; text-align: center;\"><a href=\"https:\/\/goo.gl\/photos\/7RxjiXuwYxDVLZTS8\" target=\"_blank\"><img loading=\"lazy\" decoding=\"async\" border=\"0\" height=\"300\" src=\"https:\/\/1.bp.blogspot.com\/-zox3rHXccu0\/WSLoCj7YVhI\/AAAAAAAAMM4\/PinlvAaWhZY-QzM5Mlnxwq27oNAAZzssgCKgB\/s400\/IMG_2631.JPG\" width=\"400\" \/><\/a><\/div>\n<div><\/div>\n","protected":false},"excerpt":{"rendered":"<p>Avui a l&#8217;hora del pati tots els i les alumnes de l&#8217;escola han pogut estrenar les noves activitats del pati.<\/p>\n<p>Els ha encantat tots els raconets nous que tenim i s&#8217;ho han passat d&#8217;all\u00f2 m\u00e9s b\u00e9 provant totes les novetats.<\/p>\n<p>Per\u00f2 cal dir que tot aix\u00f2 hagu\u00e9s&hellip;  <a href=\"https:\/\/agora.xtec.cat\/escolabacdecerdanya\/families\/estrenem-pati\/\" title=\"Read ESTRENEM PATI!!\">Llegeix m\u00e9s\u00bb<\/a><\/p>\n","protected":false},"author":1,"featured_media":0,"comment_status":"open","ping_status":"closed","sticky":false,"template":"","format":"standard","meta":{"_bbp_topic_count":0,"_bbp_reply_count":0,"_bbp_total_topic_count":0,"_bbp_total_reply_count":0,"_bbp_voice_count":0,"_bbp_anonymous_reply_count":0,"_bbp_topic_count_hidden":0,"_bbp_reply_count_hidden":0,"_bbp_forum_subforum_count":0,"footnotes":""},"categories":[60,88,61,83],"tags":[],"class_list":["post-498","post","type-post","status-publish","format-standard","hentry","category-families","category-festa-del-pati","category-novetats","category-pati"],"post_mailing_queue_ids":[],"_links":{"self":[{"href":"https:\/\/agora.xtec.cat\/escolabacdecerdanya\/wp-json\/wp\/v2\/posts\/498","targetHints":{"allow":["GET"]}}],"collection":[{"href":"https:\/\/agora.xtec.cat\/escolabacdecerdanya\/wp-json\/wp\/v2\/posts"}],"about":[{"href":"https:\/\/agora.xtec.cat\/escolabacdecerdanya\/wp-json\/wp\/v2\/types\/post"}],"author":[{"embeddable":true,"href":"https:\/\/agora.xtec.cat\/escolabacdecerdanya\/wp-json\/wp\/v2\/users\/1"}],"replies":[{"embeddable":true,"href":"https:\/\/agora.xtec.cat\/escolabacdecerdanya\/wp-json\/wp\/v2\/comments?post=498"}],"version-history":[{"count":0,"href":"https:\/\/agora.xtec.cat\/escolabacdecerdanya\/wp-json\/wp\/v2\/posts\/498\/revisions"}],"wp:attachment":[{"href":"https:\/\/agora.xtec.cat\/escolabacdecerdanya\/wp-json\/wp\/v2\/media?parent=498"}],"wp:term":[{"taxonomy":"category","embeddable":true,"href":"https:\/\/agora.xtec.cat\/escolabacdecerdanya\/wp-json\/wp\/v2\/categories?post=498"},{"taxonomy":"post_tag","embeddable":true,"href":"https:\/\/agora.xtec.cat\/escolabacdecerdanya\/wp-json\/wp\/v2\/tags?post=498"}],"curies":[{"name":"wp","href":"https:\/\/api.w.org\/{rel}","templated":true}]}}