{"id":4977,"date":"2022-10-11T15:01:47","date_gmt":"2022-10-11T13:01:47","guid":{"rendered":"https:\/\/agora.xtec.cat\/escolabacdecerdanya\/?p=4977"},"modified":"2022-11-04T15:30:24","modified_gmt":"2022-11-04T14:30:24","slug":"marxem-en-bici","status":"publish","type":"post","link":"https:\/\/agora.xtec.cat\/escolabacdecerdanya\/general\/marxem-en-bici\/","title":{"rendered":"MARXEM EN BICI!!"},"content":{"rendered":"<p>El dimecres passat vam sortir de l&#8217;escola en bici, direcci\u00f3 l&#8217;aer\u00f2drom i la granja d&#8217;Estoll.<\/p>\n<p><a href=\"https:\/\/agora.xtec.cat\/escolabacdecerdanya\/wp-content\/uploads\/usu1753\/2022\/10\/foto-bici1.jpg\"><img loading=\"lazy\" decoding=\"async\" class=\"wp-image-4978 aligncenter\" src=\"https:\/\/agora.xtec.cat\/escolabacdecerdanya\/wp-content\/uploads\/usu1753\/2022\/10\/foto-bici1-1024x768.jpg\" alt=\"\" width=\"533\" height=\"400\" srcset=\"https:\/\/agora.xtec.cat\/escolabacdecerdanya\/wp-content\/uploads\/usu1753\/2022\/10\/foto-bici1-1024x768.jpg 1024w, https:\/\/agora.xtec.cat\/escolabacdecerdanya\/wp-content\/uploads\/usu1753\/2022\/10\/foto-bici1-300x225.jpg 300w, https:\/\/agora.xtec.cat\/escolabacdecerdanya\/wp-content\/uploads\/usu1753\/2022\/10\/foto-bici1-768x576.jpg 768w, https:\/\/agora.xtec.cat\/escolabacdecerdanya\/wp-content\/uploads\/usu1753\/2022\/10\/foto-bici1-200x150.jpg 200w, https:\/\/agora.xtec.cat\/escolabacdecerdanya\/wp-content\/uploads\/usu1753\/2022\/10\/foto-bici1.jpg 1210w\" sizes=\"auto, (max-width: 533px) 100vw, 533px\" \/><\/a><\/p>\n<p>A l&#8217;aer\u00f2drom ens van explicar com funcionava i vam veure alguns velers i avionetes dins dels angars. A m\u00e9s, vam con\u00e8ixer uns nois que treballaven amb drons i ens van ensenyar com funcionaven. Fins i tot ens van fer fotos!!<a href=\"https:\/\/agora.xtec.cat\/escolabacdecerdanya\/wp-content\/uploads\/usu1753\/2022\/10\/unnamed.jpg\"><img loading=\"lazy\" decoding=\"async\" class=\"wp-image-4987 aligncenter\" src=\"https:\/\/agora.xtec.cat\/escolabacdecerdanya\/wp-content\/uploads\/usu1753\/2022\/10\/unnamed-1024x767.jpg\" alt=\"\" width=\"541\" height=\"405\" srcset=\"https:\/\/agora.xtec.cat\/escolabacdecerdanya\/wp-content\/uploads\/usu1753\/2022\/10\/unnamed-1024x767.jpg 1024w, https:\/\/agora.xtec.cat\/escolabacdecerdanya\/wp-content\/uploads\/usu1753\/2022\/10\/unnamed-300x225.jpg 300w, https:\/\/agora.xtec.cat\/escolabacdecerdanya\/wp-content\/uploads\/usu1753\/2022\/10\/unnamed-768x576.jpg 768w, https:\/\/agora.xtec.cat\/escolabacdecerdanya\/wp-content\/uploads\/usu1753\/2022\/10\/unnamed-200x150.jpg 200w, https:\/\/agora.xtec.cat\/escolabacdecerdanya\/wp-content\/uploads\/usu1753\/2022\/10\/unnamed.jpg 1217w\" sizes=\"auto, (max-width: 541px) 100vw, 541px\" \/><\/a><\/p>\n<p>Vam arribar a Estoll a l&#8217;hora de dinar i despr\u00e9s vam fer la visita per la granja de la fam\u00edlia de la Berta i la Ivet. Vam veure vaques grans i vedells, fins i tot oques i gallines! Al final, ens van omplir l&#8217;ampolla d&#8217;aigua de llet pasteuritzada (i a m\u00e9s ara ja sabem com es fa!!).<a href=\"https:\/\/agora.xtec.cat\/escolabacdecerdanya\/wp-content\/uploads\/usu1753\/2022\/10\/IMG_8184.jpg\"><img loading=\"lazy\" decoding=\"async\" class=\" wp-image-4989 aligncenter\" src=\"https:\/\/agora.xtec.cat\/escolabacdecerdanya\/wp-content\/uploads\/usu1753\/2022\/10\/IMG_8184-1024x768.jpg\" alt=\"\" width=\"544\" height=\"408\" srcset=\"https:\/\/agora.xtec.cat\/escolabacdecerdanya\/wp-content\/uploads\/usu1753\/2022\/10\/IMG_8184-1024x768.jpg 1024w, https:\/\/agora.xtec.cat\/escolabacdecerdanya\/wp-content\/uploads\/usu1753\/2022\/10\/IMG_8184-300x225.jpg 300w, https:\/\/agora.xtec.cat\/escolabacdecerdanya\/wp-content\/uploads\/usu1753\/2022\/10\/IMG_8184-768x576.jpg 768w, https:\/\/agora.xtec.cat\/escolabacdecerdanya\/wp-content\/uploads\/usu1753\/2022\/10\/IMG_8184-200x150.jpg 200w, https:\/\/agora.xtec.cat\/escolabacdecerdanya\/wp-content\/uploads\/usu1753\/2022\/10\/IMG_8184.jpg 1210w\" sizes=\"auto, (max-width: 544px) 100vw, 544px\" \/><\/a><\/p>\n<p>Si voleu veure m\u00e9s fotos, cliqueu <a href=\"https:\/\/agora.xtec.cat\/escolabacdecerdanya\/albums-de-fotos\/cicle-inicial\/\">AQU\u00cd<\/a> i busqueu l&#8217;\u00e0lbum de la Sortida en bici!<\/p>\n","protected":false},"excerpt":{"rendered":"<p>El dimecres passat vam sortir de l&#8217;escola en bici, direcci\u00f3 l&#8217;aer\u00f2drom i la granja d&#8217;Estoll.<br \/>\n<a href=\"https:\/\/agora.xtec.cat\/escolabacdecerdanya\/wp-content\/uploads\/usu1753\/2022\/10\/foto-bici1.jpg\"><\/a><br \/>\nA l&#8217;aer\u00f2drom ens van explicar com funcionava i vam veure alguns velers i avionetes dins dels angars. A m\u00e9s, vam con\u00e8ixer uns nois que treballaven amb drons i ens van&hellip;  <a href=\"https:\/\/agora.xtec.cat\/escolabacdecerdanya\/general\/marxem-en-bici\/\" title=\"Read MARXEM EN BICI!!\">Llegeix m\u00e9s\u00bb<\/a><\/p>\n","protected":false},"author":3,"featured_media":4978,"comment_status":"open","ping_status":"closed","sticky":false,"template":"","format":"standard","meta":{"_bbp_topic_count":0,"_bbp_reply_count":0,"_bbp_total_topic_count":0,"_bbp_total_reply_count":0,"_bbp_voice_count":0,"_bbp_anonymous_reply_count":0,"_bbp_topic_count_hidden":0,"_bbp_reply_count_hidden":0,"_bbp_forum_subforum_count":0,"footnotes":""},"categories":[10,11,104,1,61,4,86],"tags":[244,245],"class_list":["post-4977","post","type-post","status-publish","format-standard","has-post-thumbnail","hentry","category-1r","category-2n","category-inicial","category-general","category-novetats","category-portada","category-sortida","tag-sortida-bici","tag-sortida-entorn"],"post_mailing_queue_ids":[],"_links":{"self":[{"href":"https:\/\/agora.xtec.cat\/escolabacdecerdanya\/wp-json\/wp\/v2\/posts\/4977","targetHints":{"allow":["GET"]}}],"collection":[{"href":"https:\/\/agora.xtec.cat\/escolabacdecerdanya\/wp-json\/wp\/v2\/posts"}],"about":[{"href":"https:\/\/agora.xtec.cat\/escolabacdecerdanya\/wp-json\/wp\/v2\/types\/post"}],"author":[{"embeddable":true,"href":"https:\/\/agora.xtec.cat\/escolabacdecerdanya\/wp-json\/wp\/v2\/users\/3"}],"replies":[{"embeddable":true,"href":"https:\/\/agora.xtec.cat\/escolabacdecerdanya\/wp-json\/wp\/v2\/comments?post=4977"}],"version-history":[{"count":3,"href":"https:\/\/agora.xtec.cat\/escolabacdecerdanya\/wp-json\/wp\/v2\/posts\/4977\/revisions"}],"predecessor-version":[{"id":5018,"href":"https:\/\/agora.xtec.cat\/escolabacdecerdanya\/wp-json\/wp\/v2\/posts\/4977\/revisions\/5018"}],"wp:featuredmedia":[{"embeddable":true,"href":"https:\/\/agora.xtec.cat\/escolabacdecerdanya\/wp-json\/wp\/v2\/media\/4978"}],"wp:attachment":[{"href":"https:\/\/agora.xtec.cat\/escolabacdecerdanya\/wp-json\/wp\/v2\/media?parent=4977"}],"wp:term":[{"taxonomy":"category","embeddable":true,"href":"https:\/\/agora.xtec.cat\/escolabacdecerdanya\/wp-json\/wp\/v2\/categories?post=4977"},{"taxonomy":"post_tag","embeddable":true,"href":"https:\/\/agora.xtec.cat\/escolabacdecerdanya\/wp-json\/wp\/v2\/tags?post=4977"}],"curies":[{"name":"wp","href":"https:\/\/api.w.org\/{rel}","templated":true}]}}