{"id":496,"date":"2017-05-29T16:19:00","date_gmt":"2017-05-29T14:19:00","guid":{"rendered":"http:\/\/agora.xtec.cat\/escolabacdecerdanya\/general\/els-grans-van-a-la-cantania\/"},"modified":"2017-05-29T16:19:00","modified_gmt":"2017-05-29T14:19:00","slug":"els-grans-van-a-la-cantania","status":"publish","type":"post","link":"https:\/\/agora.xtec.cat\/escolabacdecerdanya\/cicle-superior\/els-grans-van-a-la-cantania\/","title":{"rendered":"ELS GRANS VAN A LA CANT\u00c0NIA"},"content":{"rendered":"<p><span style=\"font-family: &quot;verdana&quot; , sans-serif;\">Avui dilluns, els m\u00e9s grans de l&#8217;escola, els de Cicle superior, i despr\u00e9s de molt temps assajant, van a l&#8217;<i>Auditori<\/i> a fer <b><span style=\"color: #38761d;\">Cant\u00e0nia<\/span><\/b>.<\/span><br \/><span style=\"font-family: &quot;verdana&quot; , sans-serif;\"><br \/><\/span><span style=\"font-family: &quot;verdana&quot; , sans-serif;\">Ja que estan a Barcelona han aprofitat el dia per visitar una de les meravelles arquitect\u00f2niques del modernisme: la <span style=\"color: purple;\"><b><i>Sagrada Fam\u00edlia<\/i><\/b><\/span> i, de passada, han anat a fer un vol per la ciutat comtal esperant que arribi l&#8217;hora de pujar a l&#8217;escenari.<\/span><br \/><span style=\"font-family: &quot;verdana&quot; , sans-serif;\"><br \/><\/span><span style=\"font-family: &quot;verdana&quot; , sans-serif;\">Aqu\u00ed teniu algunes fotos del qu\u00e8 van veient:<\/span><\/p>\n<div style=\"clear: both; text-align: center;\"><a href=\"https:\/\/goo.gl\/photos\/sMjskB4s963YwKfj8\" target=\"_blank\"><img loading=\"lazy\" decoding=\"async\" border=\"0\" data-original-height=\"1200\" data-original-width=\"1600\" height=\"300\" src=\"https:\/\/3.bp.blogspot.com\/-pIYGZazOIx8\/WSwthTo3TSI\/AAAAAAAAMr4\/jVSeFBwfBCE23z3Lo-WSgpecht8m4te7wCKgB\/s400\/IMG_2832.JPG\" width=\"400\" \/><\/a><\/div>\n","protected":false},"excerpt":{"rendered":"<p>Avui dilluns, els m\u00e9s grans de l&#8217;escola, els de Cicle superior, i despr\u00e9s de molt temps assajant, van a l&#8217;Auditori a fer Cant\u00e0nia.Ja que estan a Barcelona han aprofitat el dia per visitar una de les meravelles arquitect\u00f2niques del modernisme: la Sagrada Fam\u00edlia i, de&hellip;  <a href=\"https:\/\/agora.xtec.cat\/escolabacdecerdanya\/cicle-superior\/els-grans-van-a-la-cantania\/\" title=\"Read ELS GRANS VAN A LA CANT\u00c0NIA\">Llegeix m\u00e9s\u00bb<\/a><\/p>\n","protected":false},"author":1,"featured_media":0,"comment_status":"open","ping_status":"closed","sticky":false,"template":"","format":"standard","meta":{"_bbp_topic_count":0,"_bbp_reply_count":0,"_bbp_total_topic_count":0,"_bbp_total_reply_count":0,"_bbp_voice_count":0,"_bbp_anonymous_reply_count":0,"_bbp_topic_count_hidden":0,"_bbp_reply_count_hidden":0,"_bbp_forum_subforum_count":0,"footnotes":""},"categories":[76,86],"tags":[],"class_list":["post-496","post","type-post","status-publish","format-standard","hentry","category-cicle-superior","category-sortida"],"post_mailing_queue_ids":[],"_links":{"self":[{"href":"https:\/\/agora.xtec.cat\/escolabacdecerdanya\/wp-json\/wp\/v2\/posts\/496","targetHints":{"allow":["GET"]}}],"collection":[{"href":"https:\/\/agora.xtec.cat\/escolabacdecerdanya\/wp-json\/wp\/v2\/posts"}],"about":[{"href":"https:\/\/agora.xtec.cat\/escolabacdecerdanya\/wp-json\/wp\/v2\/types\/post"}],"author":[{"embeddable":true,"href":"https:\/\/agora.xtec.cat\/escolabacdecerdanya\/wp-json\/wp\/v2\/users\/1"}],"replies":[{"embeddable":true,"href":"https:\/\/agora.xtec.cat\/escolabacdecerdanya\/wp-json\/wp\/v2\/comments?post=496"}],"version-history":[{"count":0,"href":"https:\/\/agora.xtec.cat\/escolabacdecerdanya\/wp-json\/wp\/v2\/posts\/496\/revisions"}],"wp:attachment":[{"href":"https:\/\/agora.xtec.cat\/escolabacdecerdanya\/wp-json\/wp\/v2\/media?parent=496"}],"wp:term":[{"taxonomy":"category","embeddable":true,"href":"https:\/\/agora.xtec.cat\/escolabacdecerdanya\/wp-json\/wp\/v2\/categories?post=496"},{"taxonomy":"post_tag","embeddable":true,"href":"https:\/\/agora.xtec.cat\/escolabacdecerdanya\/wp-json\/wp\/v2\/tags?post=496"}],"curies":[{"name":"wp","href":"https:\/\/api.w.org\/{rel}","templated":true}]}}