{"id":495,"date":"2017-06-21T11:58:00","date_gmt":"2017-06-21T09:58:00","guid":{"rendered":"http:\/\/agora.xtec.cat\/escolabacdecerdanya\/general\/festa-de-final-de-curs\/"},"modified":"2017-06-21T11:58:00","modified_gmt":"2017-06-21T09:58:00","slug":"festa-de-final-de-curs","status":"publish","type":"post","link":"https:\/\/agora.xtec.cat\/escolabacdecerdanya\/cicle-superior\/6e\/festa-de-final-de-curs\/","title":{"rendered":"FESTA DE FINAL DE CURS"},"content":{"rendered":"<p><span style=\"font-family: &quot;verdana&quot; , sans-serif;\">Avui, despr\u00e9s de viure tants i tants moments junts, ha arribat l&#8217;\u00faltim dia i ens despedim tots fins l&#8217;any vinent!<\/span><br \/><span style=\"font-family: &quot;verdana&quot; , sans-serif;\"><br \/><\/span><span style=\"font-family: &quot;verdana&quot; , sans-serif;\">Per\u00f2 per acabar ben animats no podia ser una dia normal i, per aix\u00f2, hem, muntat uns Jocs Ol\u00edmpics Bac a la nostra manera!!&nbsp;<\/span><br \/><span style=\"font-family: &quot;verdana&quot; , sans-serif;\"><br \/><\/span><span style=\"font-family: &quot;verdana&quot; , sans-serif;\">Voleu veure com ha anat? Doncs ja ho sabeu, cliqueu damunt la foto!!<\/span><\/p>\n<div style=\"clear: both; text-align: center;\"><a href=\"https:\/\/goo.gl\/photos\/U1KdAXsWn8VqNLQe6\" target=\"_blank\"><img loading=\"lazy\" decoding=\"async\" border=\"0\" data-original-height=\"1600\" data-original-width=\"1200\" height=\"320\" src=\"https:\/\/4.bp.blogspot.com\/-_z4X7tmeeuk\/WUpBXcDe1ZI\/AAAAAAAANkI\/78Hk3QeHcEsOm11WpiiotkMzGiKNkI5dgCLcBGAs\/s320\/IMG_0983.JPG\" width=\"240\" \/><\/a><\/div>\n<div style=\"clear: both; text-align: center;\"><\/div>\n<div style=\"clear: both; text-align: left;\"><span style=\"font-family: &quot;verdana&quot; , sans-serif;\">I no podia faltar el comiat dels m\u00e9s gan\u00e0pies amb l&#8217;himne com a punt final!! <b><span style=\"color: lime;\">Que tingueu molta sort<\/span><\/b>!!<\/span><\/div>\n<div style=\"clear: both; text-align: left;\"><span style=\"font-family: &quot;verdana&quot; , sans-serif;\"><br \/><\/span><\/div>\n<div style=\"clear: both; text-align: center;\"><a href=\"https:\/\/goo.gl\/photos\/F86vgYJZ2ecZU43RA\" target=\"_blank\"><img loading=\"lazy\" decoding=\"async\" border=\"0\" data-original-height=\"1200\" data-original-width=\"1600\" height=\"300\" src=\"https:\/\/2.bp.blogspot.com\/-QE-2wTMHk7U\/WUpREZFxLBI\/AAAAAAAANtk\/oRQwMEljpecMp1LdOLwqrqMoXnDYYJ78gCLcBGAs\/s400\/bon%2Bestiu.jpg\" width=\"400\" \/><\/a><\/div>\n<div style=\"clear: both; text-align: center;\"><object id=\"BLOG_video-483df492c3a43a7a\" content width=\"320\" height=\"266\"><\/object><\/div>\n<p><\/p>\n","protected":false},"excerpt":{"rendered":"<p>Avui, despr\u00e9s de viure tants i tants moments junts, ha arribat l&#8217;\u00faltim dia i ens despedim tots fins l&#8217;any vinent!Per\u00f2 per acabar ben animats no podia ser una dia normal i, per aix\u00f2, hem, muntat uns Jocs Ol\u00edmpics Bac a la nostra manera!!&nbsp;Voleu veure com&hellip;  <a href=\"https:\/\/agora.xtec.cat\/escolabacdecerdanya\/cicle-superior\/6e\/festa-de-final-de-curs\/\" title=\"Read FESTA DE FINAL DE CURS\">Llegeix m\u00e9s\u00bb<\/a><\/p>\n","protected":false},"author":1,"featured_media":0,"comment_status":"open","ping_status":"closed","sticky":false,"template":"","format":"standard","meta":{"_bbp_topic_count":0,"_bbp_reply_count":0,"_bbp_total_topic_count":0,"_bbp_total_reply_count":0,"_bbp_voice_count":0,"_bbp_anonymous_reply_count":0,"_bbp_topic_count_hidden":0,"_bbp_reply_count_hidden":0,"_bbp_forum_subforum_count":0,"footnotes":""},"categories":[15,83],"tags":[],"class_list":["post-495","post","type-post","status-publish","format-standard","hentry","category-6e","category-pati"],"post_mailing_queue_ids":[],"_links":{"self":[{"href":"https:\/\/agora.xtec.cat\/escolabacdecerdanya\/wp-json\/wp\/v2\/posts\/495","targetHints":{"allow":["GET"]}}],"collection":[{"href":"https:\/\/agora.xtec.cat\/escolabacdecerdanya\/wp-json\/wp\/v2\/posts"}],"about":[{"href":"https:\/\/agora.xtec.cat\/escolabacdecerdanya\/wp-json\/wp\/v2\/types\/post"}],"author":[{"embeddable":true,"href":"https:\/\/agora.xtec.cat\/escolabacdecerdanya\/wp-json\/wp\/v2\/users\/1"}],"replies":[{"embeddable":true,"href":"https:\/\/agora.xtec.cat\/escolabacdecerdanya\/wp-json\/wp\/v2\/comments?post=495"}],"version-history":[{"count":0,"href":"https:\/\/agora.xtec.cat\/escolabacdecerdanya\/wp-json\/wp\/v2\/posts\/495\/revisions"}],"wp:attachment":[{"href":"https:\/\/agora.xtec.cat\/escolabacdecerdanya\/wp-json\/wp\/v2\/media?parent=495"}],"wp:term":[{"taxonomy":"category","embeddable":true,"href":"https:\/\/agora.xtec.cat\/escolabacdecerdanya\/wp-json\/wp\/v2\/categories?post=495"},{"taxonomy":"post_tag","embeddable":true,"href":"https:\/\/agora.xtec.cat\/escolabacdecerdanya\/wp-json\/wp\/v2\/tags?post=495"}],"curies":[{"name":"wp","href":"https:\/\/api.w.org\/{rel}","templated":true}]}}