{"id":492,"date":"2017-10-02T16:33:00","date_gmt":"2017-10-02T14:33:00","guid":{"rendered":"http:\/\/agora.xtec.cat\/escolabacdecerdanya\/general\/sortim-en-silenci\/"},"modified":"2018-04-04T12:35:16","modified_gmt":"2018-04-04T10:35:16","slug":"sortim-en-silenci","status":"publish","type":"post","link":"https:\/\/agora.xtec.cat\/escolabacdecerdanya\/portada\/sortim-en-silenci\/","title":{"rendered":"SORTIM EN SILENCI"},"content":{"rendered":"<p><span style=\"font-family: Verdana, sans-serif;\">Despr\u00e9s dels incidents passats l&#8217;1 d&#8217;octubre, s&#8217;ha convocat una concentraci\u00f3 a les 12 hores davant dels centres de treball.<\/span><br \/><span style=\"font-family: Verdana, sans-serif;\"><br \/><\/span><span style=\"font-family: Verdana, sans-serif;\">Des de l&#8217;escola, lloc a on sempre es treballa el <b><span style=\"color: #674ea7;\">valor del di\u00e0leg<\/span><\/b> davant la viol\u00e8ncia, hem decidit sortir tamb\u00e9 al pati de l&#8217;escola per\u00f2 sense lectures de manifestos ni discursos, simplement amb el nostre silenci i l&#8217;esperan\u00e7a que els valors que volem transmetre a l&#8217;escola arribin cada dia m\u00e9s lluny.<\/span><br \/><span style=\"font-family: Verdana, sans-serif;\"><br \/><\/span><\/p>\n<div style=\"clear: both; text-align: center;\"><a href=\"https:\/\/2.bp.blogspot.com\/-9kavkXh_5GA\/WdOhFvlor1I\/AAAAAAAAOCM\/NvNgT0sJS6k5JMxvHaphRcrkcLrEydu9wCLcBGAs\/s1600\/IMG_4371.jpg\" style=\"margin-left: 1em; margin-right: 1em;\"><img loading=\"lazy\" decoding=\"async\" border=\"0\" data-original-height=\"1200\" data-original-width=\"1600\" height=\"240\" src=\"https:\/\/2.bp.blogspot.com\/-9kavkXh_5GA\/WdOhFvlor1I\/AAAAAAAAOCM\/NvNgT0sJS6k5JMxvHaphRcrkcLrEydu9wCLcBGAs\/s320\/IMG_4371.jpg\" width=\"320\" \/><\/a><\/div>\n<p><\/p>\n<div style=\"clear: both; text-align: center;\"><a href=\"https:\/\/2.bp.blogspot.com\/-IE3JmTc5z1Y\/WdOhHH8EZ8I\/AAAAAAAAOCQ\/-eM360GCogMnY2zI2jtNbrK_9RyRvzDaACLcBGAs\/s1600\/IMG_4370.jpg\" style=\"margin-left: 1em; margin-right: 1em;\"><img loading=\"lazy\" decoding=\"async\" border=\"0\" data-original-height=\"1200\" data-original-width=\"1600\" height=\"240\" src=\"https:\/\/2.bp.blogspot.com\/-IE3JmTc5z1Y\/WdOhHH8EZ8I\/AAAAAAAAOCQ\/-eM360GCogMnY2zI2jtNbrK_9RyRvzDaACLcBGAs\/s320\/IMG_4370.jpg\" width=\"320\" \/><\/a><\/div>\n<p><span style=\"font-family: Verdana, sans-serif;\"><br \/><\/span><span style=\"font-family: Verdana, sans-serif;\"><br \/><\/span><\/p>\n","protected":false},"excerpt":{"rendered":"<p>Despr\u00e9s dels incidents passats l&#8217;1 d&#8217;octubre, s&#8217;ha convocat una concentraci\u00f3 a les 12 hores davant dels centres de treball.Des de l&#8217;escola, lloc a on sempre es treballa el valor del di\u00e0leg davant la viol\u00e8ncia, hem decidit sortir tamb\u00e9 al pati de l&#8217;escola per\u00f2 sense lectures&hellip;  <a href=\"https:\/\/agora.xtec.cat\/escolabacdecerdanya\/portada\/sortim-en-silenci\/\" title=\"Read SORTIM EN SILENCI\">Llegeix m\u00e9s\u00bb<\/a><\/p>\n","protected":false},"author":1,"featured_media":0,"comment_status":"open","ping_status":"closed","sticky":false,"template":"","format":"standard","meta":{"_bbp_topic_count":0,"_bbp_reply_count":0,"_bbp_total_topic_count":0,"_bbp_total_reply_count":0,"_bbp_voice_count":0,"_bbp_anonymous_reply_count":0,"_bbp_topic_count_hidden":0,"_bbp_reply_count_hidden":0,"_bbp_forum_subforum_count":0,"footnotes":""},"categories":[4],"tags":[],"class_list":["post-492","post","type-post","status-publish","format-standard","hentry","category-portada"],"post_mailing_queue_ids":[],"_links":{"self":[{"href":"https:\/\/agora.xtec.cat\/escolabacdecerdanya\/wp-json\/wp\/v2\/posts\/492","targetHints":{"allow":["GET"]}}],"collection":[{"href":"https:\/\/agora.xtec.cat\/escolabacdecerdanya\/wp-json\/wp\/v2\/posts"}],"about":[{"href":"https:\/\/agora.xtec.cat\/escolabacdecerdanya\/wp-json\/wp\/v2\/types\/post"}],"author":[{"embeddable":true,"href":"https:\/\/agora.xtec.cat\/escolabacdecerdanya\/wp-json\/wp\/v2\/users\/1"}],"replies":[{"embeddable":true,"href":"https:\/\/agora.xtec.cat\/escolabacdecerdanya\/wp-json\/wp\/v2\/comments?post=492"}],"version-history":[{"count":1,"href":"https:\/\/agora.xtec.cat\/escolabacdecerdanya\/wp-json\/wp\/v2\/posts\/492\/revisions"}],"predecessor-version":[{"id":660,"href":"https:\/\/agora.xtec.cat\/escolabacdecerdanya\/wp-json\/wp\/v2\/posts\/492\/revisions\/660"}],"wp:attachment":[{"href":"https:\/\/agora.xtec.cat\/escolabacdecerdanya\/wp-json\/wp\/v2\/media?parent=492"}],"wp:term":[{"taxonomy":"category","embeddable":true,"href":"https:\/\/agora.xtec.cat\/escolabacdecerdanya\/wp-json\/wp\/v2\/categories?post=492"},{"taxonomy":"post_tag","embeddable":true,"href":"https:\/\/agora.xtec.cat\/escolabacdecerdanya\/wp-json\/wp\/v2\/tags?post=492"}],"curies":[{"name":"wp","href":"https:\/\/api.w.org\/{rel}","templated":true}]}}