{"id":4909,"date":"2022-09-25T23:34:10","date_gmt":"2022-09-25T21:34:10","guid":{"rendered":"https:\/\/agora.xtec.cat\/escolabacdecerdanya\/?p=4909"},"modified":"2022-09-25T23:34:10","modified_gmt":"2022-09-25T21:34:10","slug":"el-grup-de-cicle-superior","status":"publish","type":"post","link":"https:\/\/agora.xtec.cat\/escolabacdecerdanya\/general\/el-grup-de-cicle-superior\/","title":{"rendered":"El grup de Cicle Superior!"},"content":{"rendered":"<p>Despr\u00e9s de les vacances d&#8217;estiu ja hem comen\u00e7at una nou curs amb les piles carregades. Com a novetat aquest curs, 5\u00e8 i 6\u00e8 estarem junts a la mateixa classe. Segur que ens esperen grans moments per compartir tots plegats!<\/p>\n<p><a href=\"https:\/\/agora.xtec.cat\/escolabacdecerdanya\/wp-content\/uploads\/usu1753\/2022\/09\/IMG_6464.jpg\"><img loading=\"lazy\" decoding=\"async\" class=\"wp-image-4910 aligncenter\" src=\"https:\/\/agora.xtec.cat\/escolabacdecerdanya\/wp-content\/uploads\/usu1753\/2022\/09\/IMG_6464-1024x768.jpg\" alt=\"\" width=\"688\" height=\"516\" srcset=\"https:\/\/agora.xtec.cat\/escolabacdecerdanya\/wp-content\/uploads\/usu1753\/2022\/09\/IMG_6464-1024x768.jpg 1024w, https:\/\/agora.xtec.cat\/escolabacdecerdanya\/wp-content\/uploads\/usu1753\/2022\/09\/IMG_6464-300x225.jpg 300w, https:\/\/agora.xtec.cat\/escolabacdecerdanya\/wp-content\/uploads\/usu1753\/2022\/09\/IMG_6464-768x576.jpg 768w, https:\/\/agora.xtec.cat\/escolabacdecerdanya\/wp-content\/uploads\/usu1753\/2022\/09\/IMG_6464-1536x1152.jpg 1536w, https:\/\/agora.xtec.cat\/escolabacdecerdanya\/wp-content\/uploads\/usu1753\/2022\/09\/IMG_6464-200x150.jpg 200w, https:\/\/agora.xtec.cat\/escolabacdecerdanya\/wp-content\/uploads\/usu1753\/2022\/09\/IMG_6464.jpg 2016w\" sizes=\"auto, (max-width: 688px) 100vw, 688px\" \/><\/a><\/p>\n","protected":false},"excerpt":{"rendered":"<p>Despr\u00e9s de les vacances d&#8217;estiu ja hem comen\u00e7at una nou curs amb les piles carregades. Com a novetat aquest curs, 5\u00e8 i 6\u00e8 estarem junts a la mateixa classe. Segur que ens esperen grans moments per compartir tots plegats!<br \/>\n<a href=\"https:\/\/agora.xtec.cat\/escolabacdecerdanya\/wp-content\/uploads\/usu1753\/2022\/09\/IMG_6464.jpg\"><\/a><\/p>\n","protected":false},"author":27,"featured_media":4910,"comment_status":"open","ping_status":"closed","sticky":false,"template":"","format":"standard","meta":{"_bbp_topic_count":0,"_bbp_reply_count":0,"_bbp_total_topic_count":0,"_bbp_total_reply_count":0,"_bbp_voice_count":0,"_bbp_anonymous_reply_count":0,"_bbp_topic_count_hidden":0,"_bbp_reply_count_hidden":0,"_bbp_forum_subforum_count":0,"footnotes":""},"categories":[14,15,76,1,4],"tags":[],"class_list":["post-4909","post","type-post","status-publish","format-standard","has-post-thumbnail","hentry","category-5e","category-6e","category-cicle-superior","category-general","category-portada"],"post_mailing_queue_ids":[],"_links":{"self":[{"href":"https:\/\/agora.xtec.cat\/escolabacdecerdanya\/wp-json\/wp\/v2\/posts\/4909","targetHints":{"allow":["GET"]}}],"collection":[{"href":"https:\/\/agora.xtec.cat\/escolabacdecerdanya\/wp-json\/wp\/v2\/posts"}],"about":[{"href":"https:\/\/agora.xtec.cat\/escolabacdecerdanya\/wp-json\/wp\/v2\/types\/post"}],"author":[{"embeddable":true,"href":"https:\/\/agora.xtec.cat\/escolabacdecerdanya\/wp-json\/wp\/v2\/users\/27"}],"replies":[{"embeddable":true,"href":"https:\/\/agora.xtec.cat\/escolabacdecerdanya\/wp-json\/wp\/v2\/comments?post=4909"}],"version-history":[{"count":1,"href":"https:\/\/agora.xtec.cat\/escolabacdecerdanya\/wp-json\/wp\/v2\/posts\/4909\/revisions"}],"predecessor-version":[{"id":4911,"href":"https:\/\/agora.xtec.cat\/escolabacdecerdanya\/wp-json\/wp\/v2\/posts\/4909\/revisions\/4911"}],"wp:featuredmedia":[{"embeddable":true,"href":"https:\/\/agora.xtec.cat\/escolabacdecerdanya\/wp-json\/wp\/v2\/media\/4910"}],"wp:attachment":[{"href":"https:\/\/agora.xtec.cat\/escolabacdecerdanya\/wp-json\/wp\/v2\/media?parent=4909"}],"wp:term":[{"taxonomy":"category","embeddable":true,"href":"https:\/\/agora.xtec.cat\/escolabacdecerdanya\/wp-json\/wp\/v2\/categories?post=4909"},{"taxonomy":"post_tag","embeddable":true,"href":"https:\/\/agora.xtec.cat\/escolabacdecerdanya\/wp-json\/wp\/v2\/tags?post=4909"}],"curies":[{"name":"wp","href":"https:\/\/api.w.org\/{rel}","templated":true}]}}