{"id":4872,"date":"2022-06-30T13:09:28","date_gmt":"2022-06-30T11:09:28","guid":{"rendered":"https:\/\/agora.xtec.cat\/escolabacdecerdanya\/?p=4872"},"modified":"2022-06-30T13:09:36","modified_gmt":"2022-06-30T11:09:36","slug":"us-epxliquem-coses-sobre-picasso","status":"publish","type":"post","link":"https:\/\/agora.xtec.cat\/escolabacdecerdanya\/general\/us-epxliquem-coses-sobre-picasso\/","title":{"rendered":"US EPXLIQUEM COSES SOBRE PICASSO"},"content":{"rendered":"<p>Des de mitjans de curs hem estat descobrint i treballant en Pablo Picasso. Hem coneguts moments importants de la seva vida, i hem descobert la seva obra i els seus pensaments.<\/p>\n<p>A base dels tallers de pl\u00e0stica, hem pogut treballar algunes de les seves obres i intentar reproduir-les.<\/p>\n<p>Ens hem endinsat en les \u00e8poques blaves i roses, en el cubisme, en l&#8217;escltura i la cer\u00e0mica, i hem vist de m\u00e9s aprop les obres de Guernika i Els tres m\u00fasics.<\/p>\n<p>Per acabar hem volgut explicar tot el que hem apr\u00e8s als alumnes de 6\u00e8 i aqu\u00ed us deixem el v\u00eddeo de la nostra exposici\u00f3. Esperem que us agradi!!<\/p>\n<p><iframe loading=\"lazy\" title=\"Exposici\u00f3 de Pablo Picasso (1r)\" width=\"500\" height=\"281\" src=\"https:\/\/www.youtube.com\/embed\/ucGVDEomc8c?feature=oembed\" frameborder=\"0\" allow=\"accelerometer; autoplay; clipboard-write; encrypted-media; gyroscope; picture-in-picture; web-share\" referrerpolicy=\"strict-origin-when-cross-origin\" allowfullscreen><\/iframe><\/p>\n<p>I si voleu veure fotos de com hem fet les activitats, us deixem alguns enlla\u00e7os als \u00e0lbums:<\/p>\n<ul>\n<li><a href=\"https:\/\/photos.app.goo.gl\/PDQBtx1EDuiaB2wp8\">Picasso<\/a><\/li>\n<li><a href=\"https:\/\/photos.google.com\/u\/2\/share\/AF1QipNk1Ug0p-UKcG-pt9Lo7k9NlcvULitPvacoZS2-31fFG4QzLceD_pIA7Q7yQVIqbA?key=bXNXX0s4YUxlTjlSOWVjVjB6cTlyWmFycGpjNV93\">Treballem Picasso<\/a><\/li>\n<li><a href=\"https:\/\/photos.app.goo.gl\/4z2tcWLumk3JHntX9\">Picasso \u00e8poca rosa i blava<\/a><\/li>\n<\/ul>\n<p>&nbsp;<\/p>\n","protected":false},"excerpt":{"rendered":"<p>Des de mitjans de curs hem estat descobrint i treballant en Pablo Picasso. Hem coneguts moments importants de la seva vida, i hem descobert la seva obra i els seus pensaments.<br \/>\nA base dels tallers de pl\u00e0stica, hem pogut treballar algunes de les seves obres i&hellip;  <a href=\"https:\/\/agora.xtec.cat\/escolabacdecerdanya\/general\/us-epxliquem-coses-sobre-picasso\/\" title=\"Read US EPXLIQUEM COSES SOBRE PICASSO\">Llegeix m\u00e9s\u00bb<\/a><\/p>\n","protected":false},"author":3,"featured_media":4873,"comment_status":"open","ping_status":"closed","sticky":false,"template":"","format":"standard","meta":{"_bbp_topic_count":0,"_bbp_reply_count":0,"_bbp_total_topic_count":0,"_bbp_total_reply_count":0,"_bbp_voice_count":0,"_bbp_anonymous_reply_count":0,"_bbp_topic_count_hidden":0,"_bbp_reply_count_hidden":0,"_bbp_forum_subforum_count":0,"footnotes":""},"categories":[10,104,1,61,4],"tags":[238,193,17,166],"class_list":["post-4872","post","type-post","status-publish","format-standard","has-post-thumbnail","hentry","category-1r","category-inicial","category-general","category-novetats","category-portada","tag-exposicio","tag-picasso","tag-plastica","tag-projecte"],"post_mailing_queue_ids":[],"_links":{"self":[{"href":"https:\/\/agora.xtec.cat\/escolabacdecerdanya\/wp-json\/wp\/v2\/posts\/4872","targetHints":{"allow":["GET"]}}],"collection":[{"href":"https:\/\/agora.xtec.cat\/escolabacdecerdanya\/wp-json\/wp\/v2\/posts"}],"about":[{"href":"https:\/\/agora.xtec.cat\/escolabacdecerdanya\/wp-json\/wp\/v2\/types\/post"}],"author":[{"embeddable":true,"href":"https:\/\/agora.xtec.cat\/escolabacdecerdanya\/wp-json\/wp\/v2\/users\/3"}],"replies":[{"embeddable":true,"href":"https:\/\/agora.xtec.cat\/escolabacdecerdanya\/wp-json\/wp\/v2\/comments?post=4872"}],"version-history":[{"count":2,"href":"https:\/\/agora.xtec.cat\/escolabacdecerdanya\/wp-json\/wp\/v2\/posts\/4872\/revisions"}],"predecessor-version":[{"id":4875,"href":"https:\/\/agora.xtec.cat\/escolabacdecerdanya\/wp-json\/wp\/v2\/posts\/4872\/revisions\/4875"}],"wp:featuredmedia":[{"embeddable":true,"href":"https:\/\/agora.xtec.cat\/escolabacdecerdanya\/wp-json\/wp\/v2\/media\/4873"}],"wp:attachment":[{"href":"https:\/\/agora.xtec.cat\/escolabacdecerdanya\/wp-json\/wp\/v2\/media?parent=4872"}],"wp:term":[{"taxonomy":"category","embeddable":true,"href":"https:\/\/agora.xtec.cat\/escolabacdecerdanya\/wp-json\/wp\/v2\/categories?post=4872"},{"taxonomy":"post_tag","embeddable":true,"href":"https:\/\/agora.xtec.cat\/escolabacdecerdanya\/wp-json\/wp\/v2\/tags?post=4872"}],"curies":[{"name":"wp","href":"https:\/\/api.w.org\/{rel}","templated":true}]}}