{"id":4855,"date":"2022-06-23T13:00:23","date_gmt":"2022-06-23T11:00:23","guid":{"rendered":"https:\/\/agora.xtec.cat\/escolabacdecerdanya\/?p=4855"},"modified":"2022-06-23T13:00:23","modified_gmt":"2022-06-23T11:00:23","slug":"3r-trimestre-cm","status":"publish","type":"post","link":"https:\/\/agora.xtec.cat\/escolabacdecerdanya\/general\/3r-trimestre-cm\/","title":{"rendered":"3r trimestre CM"},"content":{"rendered":"<p>Sembla que va ser ahir que v\u00e0rem comen\u00e7ar i ja ha passat un curs! El tercer trimestre ha passat volant. Hem fet moltes coses i v\u00e0ries ja us les hem anat ensenyant. Per\u00f2 el dia a dia tamb\u00e9 hem treballat molt i us volem ensenyar el que hem fet.<\/p>\n<p>Aqu\u00ed teniu fotos del 3r trimestre:\u00a0<a href=\"https:\/\/photos.app.goo.gl\/GzqJ6kF8yh7KG4Cd8\">https:\/\/photos.app.goo.gl\/GzqJ6kF8yh7KG4Cd8<\/a><\/p>\n<p>Un plaer haver compartit aquest curs amb vosaltres. Us desitjo un molt bon estiu!<\/p>\n<p>Ariadna<\/p>\n<p style=\"text-align: left\"><img loading=\"lazy\" decoding=\"async\" class=\"size-medium wp-image-4856 aligncenter\" src=\"https:\/\/agora.xtec.cat\/escolabacdecerdanya\/wp-content\/uploads\/usu1753\/2022\/06\/20220531_124347-300x153.jpg\" alt=\"\" width=\"300\" height=\"153\" srcset=\"https:\/\/agora.xtec.cat\/escolabacdecerdanya\/wp-content\/uploads\/usu1753\/2022\/06\/20220531_124347-300x153.jpg 300w, https:\/\/agora.xtec.cat\/escolabacdecerdanya\/wp-content\/uploads\/usu1753\/2022\/06\/20220531_124347-1024x522.jpg 1024w, https:\/\/agora.xtec.cat\/escolabacdecerdanya\/wp-content\/uploads\/usu1753\/2022\/06\/20220531_124347-768x391.jpg 768w, https:\/\/agora.xtec.cat\/escolabacdecerdanya\/wp-content\/uploads\/usu1753\/2022\/06\/20220531_124347-1536x783.jpg 1536w, https:\/\/agora.xtec.cat\/escolabacdecerdanya\/wp-content\/uploads\/usu1753\/2022\/06\/20220531_124347-2048x1044.jpg 2048w\" sizes=\"auto, (max-width: 300px) 100vw, 300px\" \/><\/p>\n","protected":false},"excerpt":{"rendered":"<p>Sembla que va ser ahir que v\u00e0rem comen\u00e7ar i ja ha passat un curs! El tercer trimestre ha passat volant. Hem fet moltes coses i v\u00e0ries ja us les hem anat ensenyant. Per\u00f2 el dia a dia tamb\u00e9 hem treballat molt i us volem ensenyar&hellip;  <a href=\"https:\/\/agora.xtec.cat\/escolabacdecerdanya\/general\/3r-trimestre-cm\/\" title=\"Read 3r trimestre CM\">Llegeix m\u00e9s\u00bb<\/a><\/p>\n","protected":false},"author":32,"featured_media":4856,"comment_status":"open","ping_status":"closed","sticky":false,"template":"","format":"standard","meta":{"_bbp_topic_count":0,"_bbp_reply_count":0,"_bbp_total_topic_count":0,"_bbp_total_reply_count":0,"_bbp_voice_count":0,"_bbp_anonymous_reply_count":0,"_bbp_topic_count_hidden":0,"_bbp_reply_count_hidden":0,"_bbp_forum_subforum_count":0,"footnotes":""},"categories":[12,13,105,1,4],"tags":[],"class_list":["post-4855","post","type-post","status-publish","format-standard","has-post-thumbnail","hentry","category-3r","category-4t","category-mitja","category-general","category-portada"],"post_mailing_queue_ids":[],"_links":{"self":[{"href":"https:\/\/agora.xtec.cat\/escolabacdecerdanya\/wp-json\/wp\/v2\/posts\/4855","targetHints":{"allow":["GET"]}}],"collection":[{"href":"https:\/\/agora.xtec.cat\/escolabacdecerdanya\/wp-json\/wp\/v2\/posts"}],"about":[{"href":"https:\/\/agora.xtec.cat\/escolabacdecerdanya\/wp-json\/wp\/v2\/types\/post"}],"author":[{"embeddable":true,"href":"https:\/\/agora.xtec.cat\/escolabacdecerdanya\/wp-json\/wp\/v2\/users\/32"}],"replies":[{"embeddable":true,"href":"https:\/\/agora.xtec.cat\/escolabacdecerdanya\/wp-json\/wp\/v2\/comments?post=4855"}],"version-history":[{"count":1,"href":"https:\/\/agora.xtec.cat\/escolabacdecerdanya\/wp-json\/wp\/v2\/posts\/4855\/revisions"}],"predecessor-version":[{"id":4857,"href":"https:\/\/agora.xtec.cat\/escolabacdecerdanya\/wp-json\/wp\/v2\/posts\/4855\/revisions\/4857"}],"wp:featuredmedia":[{"embeddable":true,"href":"https:\/\/agora.xtec.cat\/escolabacdecerdanya\/wp-json\/wp\/v2\/media\/4856"}],"wp:attachment":[{"href":"https:\/\/agora.xtec.cat\/escolabacdecerdanya\/wp-json\/wp\/v2\/media?parent=4855"}],"wp:term":[{"taxonomy":"category","embeddable":true,"href":"https:\/\/agora.xtec.cat\/escolabacdecerdanya\/wp-json\/wp\/v2\/categories?post=4855"},{"taxonomy":"post_tag","embeddable":true,"href":"https:\/\/agora.xtec.cat\/escolabacdecerdanya\/wp-json\/wp\/v2\/tags?post=4855"}],"curies":[{"name":"wp","href":"https:\/\/api.w.org\/{rel}","templated":true}]}}