{"id":4852,"date":"2022-06-23T12:37:38","date_gmt":"2022-06-23T10:37:38","guid":{"rendered":"https:\/\/agora.xtec.cat\/escolabacdecerdanya\/?p=4852"},"modified":"2022-06-23T12:37:38","modified_gmt":"2022-06-23T10:37:38","slug":"hort-cm","status":"publish","type":"post","link":"https:\/\/agora.xtec.cat\/escolabacdecerdanya\/general\/hort-cm\/","title":{"rendered":"Hort CM"},"content":{"rendered":"<p>Durant el 2n i 3r trimestre els alumnes de CM ens hem dedicat a treballar l&#8217;hort de l&#8217;escola.\u00a0Primer vam anar a les classes a explicar quin planter havien de fer i com realitzar-ho. Durant uns dies cada classe va haver de cuidar el seu planter, regant-lo a diari fins que comences a sortir la planta. Mentre els planters creixent, ens vam dedicar a preparar l&#8217;hort, traient males herbes i pedres. Els de la brigada de l&#8217;Ajuntament ens van ajudar molt posant-nos una terra bon\u00edssima per poder comen\u00e7ar a plantar. Vam poder plantar de tot: patates, cebes, carabassons, alls, llenties&#8230; tot dels planters que les classes havien cuidat tant b\u00e9 i d&#8217;altres que vam afegir. Cada dia reg\u00e0vem l&#8217;hort per torns, primer amb regadores perqu\u00e8 no ten\u00edem el gota gota ni la manguera instal\u00b7lades. Despr\u00e9s ja ho vam fer amb mangueres. Tamb\u00e9 volem agrair a la Montse del menjador que ens va donar molts consells i ens va assessorar molt b\u00e9. Va cr\u00e9ixer tant tot que semblava una selva! Al final vam collir alguns enciams i bledes.<\/p>\n<p>Us ensenyem algunes fotos de tot el proc\u00e9s:\u00a0<a href=\"https:\/\/photos.app.goo.gl\/yrV7yhP85SuSBKNNA\">https:\/\/photos.app.goo.gl\/yrV7yhP85SuSBKNNA<\/a><\/p>\n<p><img loading=\"lazy\" decoding=\"async\" class=\"alignnone size-medium wp-image-4853 aligncenter\" src=\"https:\/\/agora.xtec.cat\/escolabacdecerdanya\/wp-content\/uploads\/usu1753\/2022\/06\/20220523_110548-300x190.jpg\" alt=\"\" width=\"300\" height=\"190\" srcset=\"https:\/\/agora.xtec.cat\/escolabacdecerdanya\/wp-content\/uploads\/usu1753\/2022\/06\/20220523_110548-300x190.jpg 300w, https:\/\/agora.xtec.cat\/escolabacdecerdanya\/wp-content\/uploads\/usu1753\/2022\/06\/20220523_110548-1024x648.jpg 1024w, https:\/\/agora.xtec.cat\/escolabacdecerdanya\/wp-content\/uploads\/usu1753\/2022\/06\/20220523_110548-768x486.jpg 768w, https:\/\/agora.xtec.cat\/escolabacdecerdanya\/wp-content\/uploads\/usu1753\/2022\/06\/20220523_110548-1536x972.jpg 1536w, https:\/\/agora.xtec.cat\/escolabacdecerdanya\/wp-content\/uploads\/usu1753\/2022\/06\/20220523_110548-2048x1295.jpg 2048w\" sizes=\"auto, (max-width: 300px) 100vw, 300px\" \/><\/p>\n<p>&nbsp;<\/p>\n","protected":false},"excerpt":{"rendered":"<p>Durant el 2n i 3r trimestre els alumnes de CM ens hem dedicat a treballar l&#8217;hort de l&#8217;escola.\u00a0Primer vam anar a les classes a explicar quin planter havien de fer i com realitzar-ho. Durant uns dies cada classe va haver de cuidar el seu planter,&hellip;  <a href=\"https:\/\/agora.xtec.cat\/escolabacdecerdanya\/general\/hort-cm\/\" title=\"Read Hort CM\">Llegeix m\u00e9s\u00bb<\/a><\/p>\n","protected":false},"author":32,"featured_media":4853,"comment_status":"open","ping_status":"closed","sticky":false,"template":"","format":"standard","meta":{"_bbp_topic_count":0,"_bbp_reply_count":0,"_bbp_total_topic_count":0,"_bbp_total_reply_count":0,"_bbp_voice_count":0,"_bbp_anonymous_reply_count":0,"_bbp_topic_count_hidden":0,"_bbp_reply_count_hidden":0,"_bbp_forum_subforum_count":0,"footnotes":""},"categories":[12,13,105,1,4],"tags":[],"class_list":["post-4852","post","type-post","status-publish","format-standard","has-post-thumbnail","hentry","category-3r","category-4t","category-mitja","category-general","category-portada"],"post_mailing_queue_ids":[],"_links":{"self":[{"href":"https:\/\/agora.xtec.cat\/escolabacdecerdanya\/wp-json\/wp\/v2\/posts\/4852","targetHints":{"allow":["GET"]}}],"collection":[{"href":"https:\/\/agora.xtec.cat\/escolabacdecerdanya\/wp-json\/wp\/v2\/posts"}],"about":[{"href":"https:\/\/agora.xtec.cat\/escolabacdecerdanya\/wp-json\/wp\/v2\/types\/post"}],"author":[{"embeddable":true,"href":"https:\/\/agora.xtec.cat\/escolabacdecerdanya\/wp-json\/wp\/v2\/users\/32"}],"replies":[{"embeddable":true,"href":"https:\/\/agora.xtec.cat\/escolabacdecerdanya\/wp-json\/wp\/v2\/comments?post=4852"}],"version-history":[{"count":1,"href":"https:\/\/agora.xtec.cat\/escolabacdecerdanya\/wp-json\/wp\/v2\/posts\/4852\/revisions"}],"predecessor-version":[{"id":4854,"href":"https:\/\/agora.xtec.cat\/escolabacdecerdanya\/wp-json\/wp\/v2\/posts\/4852\/revisions\/4854"}],"wp:featuredmedia":[{"embeddable":true,"href":"https:\/\/agora.xtec.cat\/escolabacdecerdanya\/wp-json\/wp\/v2\/media\/4853"}],"wp:attachment":[{"href":"https:\/\/agora.xtec.cat\/escolabacdecerdanya\/wp-json\/wp\/v2\/media?parent=4852"}],"wp:term":[{"taxonomy":"category","embeddable":true,"href":"https:\/\/agora.xtec.cat\/escolabacdecerdanya\/wp-json\/wp\/v2\/categories?post=4852"},{"taxonomy":"post_tag","embeddable":true,"href":"https:\/\/agora.xtec.cat\/escolabacdecerdanya\/wp-json\/wp\/v2\/tags?post=4852"}],"curies":[{"name":"wp","href":"https:\/\/api.w.org\/{rel}","templated":true}]}}