{"id":485,"date":"2017-11-27T14:46:00","date_gmt":"2017-11-27T13:46:00","guid":{"rendered":""},"modified":"2018-04-04T12:35:16","modified_gmt":"2018-04-04T10:35:16","slug":"fem-el-simulacre","status":"publish","type":"post","link":"https:\/\/agora.xtec.cat\/escolabacdecerdanya\/portada\/fem-el-simulacre\/","title":{"rendered":"FEM EL SIMULACRE!"},"content":{"rendered":"<p><span style=\"font-family: Verdana, sans-serif;\">Aquest dimarts passat, com cada any i ja en s\u00f3n uns quants, hem fet el <b><span style=\"color: red;\">simulacre d&#8217;evaquaci\u00f3<\/span><\/b> i ens han visitat els bombers d&#8217;Alp.<\/span><br \/><span style=\"font-family: Verdana, sans-serif;\">Els bombers ens han donat instruccions sobre qu\u00e8 hem de fer si ens passa alguna cosa a nosaltres o si la veiem passar. Despr\u00e9s, els petits han pogut visitar el cami\u00f3 de bombers per dins i els grans hem fet un circuit simulant una situaci\u00f3 de perill.&nbsp;<\/span><br \/><span style=\"font-family: Verdana, sans-serif;\">Ens voleu veure? Doncs cliqueu a la foto!<\/span><br \/><span style=\"font-family: Verdana, sans-serif;\"><br \/><\/span><\/p>\n<div style=\"clear: both; text-align: center;\"><a href=\"https:\/\/photos.app.goo.gl\/dXYF7DoNxdCiHkd42\" target=\"_blank\"><img loading=\"lazy\" decoding=\"async\" border=\"0\" data-original-height=\"1200\" data-original-width=\"1600\" height=\"240\" src=\"http:\/\/agora.xtec.cat\/escolabacdecerdanya\/wp-content\/uploads\/usu1753\/2017\/11\/IMG_4905-300x225.jpg\" width=\"320\" \/><\/a><\/div>\n<p><span style=\"font-family: Verdana, sans-serif;\"><br \/><\/span><span style=\"font-family: Verdana, sans-serif;\">A m\u00e9s a m\u00e9s, per celebrar tots els anys que ens han visitat els bombers i per celebrar el seu nou parc de bombers, els hem fet un regal de part de tota l&#8217;escola!!&nbsp;<\/span><\/p>\n<div style=\"text-align: center;\"><span style=\"font-family: Verdana, sans-serif;\"><b><span style=\"color: red; font-size: large;\">Moltes gr\u00e0cies!!<\/span><\/b><\/span><\/div>\n<div style=\"clear: both; text-align: center;\"><a href=\"http:\/\/agora.xtec.cat\/escolabacdecerdanya\/wp-content\/uploads\/usu1753\/2017\/11\/IMG_4913.jpg\" style=\"margin-left: 1em; margin-right: 1em;\"><img loading=\"lazy\" decoding=\"async\" border=\"0\" data-original-height=\"1200\" data-original-width=\"1600\" height=\"300\" src=\"http:\/\/agora.xtec.cat\/escolabacdecerdanya\/wp-content\/uploads\/usu1753\/2017\/11\/IMG_4913-300x225.jpg\" width=\"400\" \/><\/a><\/div>\n<p><span style=\"font-family: Verdana, sans-serif;\"><br \/><\/span><\/p>\n","protected":false},"excerpt":{"rendered":"<p>Aquest dimarts passat, com cada any i ja en s\u00f3n uns quants, hem fet el simulacre d&#8217;evaquaci\u00f3 i ens han visitat els bombers d&#8217;Alp.Els bombers ens han donat instruccions sobre qu\u00e8 hem de fer si ens passa alguna cosa a nosaltres o si la veiem&hellip;  <a href=\"https:\/\/agora.xtec.cat\/escolabacdecerdanya\/portada\/fem-el-simulacre\/\" title=\"Read FEM EL SIMULACRE!\">Llegeix m\u00e9s\u00bb<\/a><\/p>\n","protected":false},"author":1,"featured_media":635,"comment_status":"open","ping_status":"closed","sticky":false,"template":"","format":"standard","meta":{"_bbp_topic_count":0,"_bbp_reply_count":0,"_bbp_total_topic_count":0,"_bbp_total_reply_count":0,"_bbp_voice_count":0,"_bbp_anonymous_reply_count":0,"_bbp_topic_count_hidden":0,"_bbp_reply_count_hidden":0,"_bbp_forum_subforum_count":0,"footnotes":""},"categories":[4,71],"tags":[],"class_list":["post-485","post","type-post","status-publish","format-standard","has-post-thumbnail","hentry","category-portada","category-simulacre"],"post_mailing_queue_ids":[],"_links":{"self":[{"href":"https:\/\/agora.xtec.cat\/escolabacdecerdanya\/wp-json\/wp\/v2\/posts\/485","targetHints":{"allow":["GET"]}}],"collection":[{"href":"https:\/\/agora.xtec.cat\/escolabacdecerdanya\/wp-json\/wp\/v2\/posts"}],"about":[{"href":"https:\/\/agora.xtec.cat\/escolabacdecerdanya\/wp-json\/wp\/v2\/types\/post"}],"author":[{"embeddable":true,"href":"https:\/\/agora.xtec.cat\/escolabacdecerdanya\/wp-json\/wp\/v2\/users\/1"}],"replies":[{"embeddable":true,"href":"https:\/\/agora.xtec.cat\/escolabacdecerdanya\/wp-json\/wp\/v2\/comments?post=485"}],"version-history":[{"count":2,"href":"https:\/\/agora.xtec.cat\/escolabacdecerdanya\/wp-json\/wp\/v2\/posts\/485\/revisions"}],"predecessor-version":[{"id":656,"href":"https:\/\/agora.xtec.cat\/escolabacdecerdanya\/wp-json\/wp\/v2\/posts\/485\/revisions\/656"}],"wp:featuredmedia":[{"embeddable":true,"href":"https:\/\/agora.xtec.cat\/escolabacdecerdanya\/wp-json\/wp\/v2\/media\/635"}],"wp:attachment":[{"href":"https:\/\/agora.xtec.cat\/escolabacdecerdanya\/wp-json\/wp\/v2\/media?parent=485"}],"wp:term":[{"taxonomy":"category","embeddable":true,"href":"https:\/\/agora.xtec.cat\/escolabacdecerdanya\/wp-json\/wp\/v2\/categories?post=485"},{"taxonomy":"post_tag","embeddable":true,"href":"https:\/\/agora.xtec.cat\/escolabacdecerdanya\/wp-json\/wp\/v2\/tags?post=485"}],"curies":[{"name":"wp","href":"https:\/\/api.w.org\/{rel}","templated":true}]}}