{"id":4843,"date":"2022-06-22T15:41:02","date_gmt":"2022-06-22T13:41:02","guid":{"rendered":"https:\/\/agora.xtec.cat\/escolabacdecerdanya\/?p=4843"},"modified":"2022-06-23T09:17:41","modified_gmt":"2022-06-23T07:17:41","slug":"final-de-curs-2","status":"publish","type":"post","link":"https:\/\/agora.xtec.cat\/escolabacdecerdanya\/general\/final-de-curs-2\/","title":{"rendered":"Final de Curs"},"content":{"rendered":"<p>Avui dimecres 22 de juny hem celebrat l&#8217;\u00faltim dia de curs.<\/p>\n<p>Al mat\u00ed hem gaudit d&#8217;uns inflables i hem pogut llegir la revista Isard a la classe.<\/p>\n<p><a href=\"https:\/\/photos.app.goo.gl\/H1JqnHYjuZEJbGA78\"><img loading=\"lazy\" decoding=\"async\" class=\"aligncenter wp-image-4844 size-large\" src=\"https:\/\/agora.xtec.cat\/escolabacdecerdanya\/wp-content\/uploads\/usu1753\/2022\/06\/IMG_20220622_100713-1024x768.jpg\" alt=\"\" width=\"1024\" height=\"768\" srcset=\"https:\/\/agora.xtec.cat\/escolabacdecerdanya\/wp-content\/uploads\/usu1753\/2022\/06\/IMG_20220622_100713-1024x768.jpg 1024w, https:\/\/agora.xtec.cat\/escolabacdecerdanya\/wp-content\/uploads\/usu1753\/2022\/06\/IMG_20220622_100713-300x225.jpg 300w, https:\/\/agora.xtec.cat\/escolabacdecerdanya\/wp-content\/uploads\/usu1753\/2022\/06\/IMG_20220622_100713-768x576.jpg 768w, https:\/\/agora.xtec.cat\/escolabacdecerdanya\/wp-content\/uploads\/usu1753\/2022\/06\/IMG_20220622_100713-1536x1152.jpg 1536w, https:\/\/agora.xtec.cat\/escolabacdecerdanya\/wp-content\/uploads\/usu1753\/2022\/06\/IMG_20220622_100713-2048x1536.jpg 2048w, https:\/\/agora.xtec.cat\/escolabacdecerdanya\/wp-content\/uploads\/usu1753\/2022\/06\/IMG_20220622_100713-200x150.jpg 200w\" sizes=\"auto, (max-width: 1024px) 100vw, 1024px\" \/><\/a><\/p>\n<p>A mig mat\u00ed hem celebrat el comiat dels i les alumnes de sis\u00e8 que aquest any acaben l&#8217;etapa de prim\u00e0ria. Hem ballat les danses que cada curs ha preparat amb l&#8217;ajuda de la S\u00edlvia.<\/p>\n<p><a href=\"https:\/\/photos.app.goo.gl\/H1JqnHYjuZEJbGA78\"><img loading=\"lazy\" decoding=\"async\" class=\"alignnone wp-image-4846 size-full\" src=\"https:\/\/agora.xtec.cat\/escolabacdecerdanya\/wp-content\/uploads\/usu1753\/2022\/06\/IMG_20220622_124524.jpg\" alt=\"\" width=\"2080\" height=\"1560\" srcset=\"https:\/\/agora.xtec.cat\/escolabacdecerdanya\/wp-content\/uploads\/usu1753\/2022\/06\/IMG_20220622_124524.jpg 2080w, https:\/\/agora.xtec.cat\/escolabacdecerdanya\/wp-content\/uploads\/usu1753\/2022\/06\/IMG_20220622_124524-300x225.jpg 300w, https:\/\/agora.xtec.cat\/escolabacdecerdanya\/wp-content\/uploads\/usu1753\/2022\/06\/IMG_20220622_124524-1024x768.jpg 1024w, https:\/\/agora.xtec.cat\/escolabacdecerdanya\/wp-content\/uploads\/usu1753\/2022\/06\/IMG_20220622_124524-768x576.jpg 768w, https:\/\/agora.xtec.cat\/escolabacdecerdanya\/wp-content\/uploads\/usu1753\/2022\/06\/IMG_20220622_124524-1536x1152.jpg 1536w, https:\/\/agora.xtec.cat\/escolabacdecerdanya\/wp-content\/uploads\/usu1753\/2022\/06\/IMG_20220622_124524-2048x1536.jpg 2048w, https:\/\/agora.xtec.cat\/escolabacdecerdanya\/wp-content\/uploads\/usu1753\/2022\/06\/IMG_20220622_124524-200x150.jpg 200w\" sizes=\"auto, (max-width: 2080px) 100vw, 2080px\" \/><\/a><\/p>\n<p><iframe loading=\"lazy\" title=\"DANSES FINAL CURS 2021-22\" width=\"500\" height=\"281\" src=\"https:\/\/www.youtube.com\/embed\/uTR3Nydfa-c?feature=oembed\" frameborder=\"0\" allow=\"accelerometer; autoplay; clipboard-write; encrypted-media; gyroscope; picture-in-picture; web-share\" referrerpolicy=\"strict-origin-when-cross-origin\" allowfullscreen><\/iframe><\/p>\n<p><iframe loading=\"lazy\" title=\"Ball de final de curs de 6\u00e8\" width=\"500\" height=\"281\" src=\"https:\/\/www.youtube.com\/embed\/WAGyZOTNUDc?feature=oembed\" frameborder=\"0\" allow=\"accelerometer; autoplay; clipboard-write; encrypted-media; gyroscope; picture-in-picture; web-share\" referrerpolicy=\"strict-origin-when-cross-origin\" allowfullscreen><\/iframe><\/p>\n<p><iframe loading=\"lazy\" title=\"Himne de l&#039;escola - Festa final de curs 2021-22\" width=\"500\" height=\"281\" src=\"https:\/\/www.youtube.com\/embed\/lt_YeNmalco?feature=oembed\" frameborder=\"0\" allow=\"accelerometer; autoplay; clipboard-write; encrypted-media; gyroscope; picture-in-picture; web-share\" referrerpolicy=\"strict-origin-when-cross-origin\" allowfullscreen><\/iframe><\/p>\n<p>Un cop finalitzat l&#8217;acte, hem celebrat el dinar de germanor amb alumnes, fam\u00edlies i mestres.<\/p>\n<p><a href=\"https:\/\/photos.app.goo.gl\/H1JqnHYjuZEJbGA78\"><img loading=\"lazy\" decoding=\"async\" class=\"alignnone size-large wp-image-4847\" src=\"https:\/\/agora.xtec.cat\/escolabacdecerdanya\/wp-content\/uploads\/usu1753\/2022\/06\/IMG_20220622_142451-1024x768.jpg\" alt=\"\" width=\"1024\" height=\"768\" srcset=\"https:\/\/agora.xtec.cat\/escolabacdecerdanya\/wp-content\/uploads\/usu1753\/2022\/06\/IMG_20220622_142451-1024x768.jpg 1024w, https:\/\/agora.xtec.cat\/escolabacdecerdanya\/wp-content\/uploads\/usu1753\/2022\/06\/IMG_20220622_142451-300x225.jpg 300w, https:\/\/agora.xtec.cat\/escolabacdecerdanya\/wp-content\/uploads\/usu1753\/2022\/06\/IMG_20220622_142451-768x576.jpg 768w, https:\/\/agora.xtec.cat\/escolabacdecerdanya\/wp-content\/uploads\/usu1753\/2022\/06\/IMG_20220622_142451-1536x1152.jpg 1536w, https:\/\/agora.xtec.cat\/escolabacdecerdanya\/wp-content\/uploads\/usu1753\/2022\/06\/IMG_20220622_142451-2048x1536.jpg 2048w, https:\/\/agora.xtec.cat\/escolabacdecerdanya\/wp-content\/uploads\/usu1753\/2022\/06\/IMG_20220622_142451-200x150.jpg 200w\" sizes=\"auto, (max-width: 1024px) 100vw, 1024px\" \/><\/a><\/p>\n<p>Ens ho hem passat molt b\u00e9!<\/p>\n","protected":false},"excerpt":{"rendered":"<p>Avui dimecres 22 de juny hem celebrat l&#8217;\u00faltim dia de curs.<br \/>\nAl mat\u00ed hem gaudit d&#8217;uns inflables i hem pogut llegir la revista Isard a la classe.<br \/>\n<a href=\"https:\/\/photos.app.goo.gl\/H1JqnHYjuZEJbGA78\"><\/a><br \/>\nA mig mat\u00ed hem celebrat el comiat dels i les alumnes de sis\u00e8 que aquest any acaben l&#8217;etapa de&hellip;  <a href=\"https:\/\/agora.xtec.cat\/escolabacdecerdanya\/general\/final-de-curs-2\/\" title=\"Read Final de Curs\">Llegeix m\u00e9s\u00bb<\/a><\/p>\n","protected":false},"author":5,"featured_media":4846,"comment_status":"open","ping_status":"closed","sticky":false,"template":"","format":"standard","meta":{"_bbp_topic_count":0,"_bbp_reply_count":0,"_bbp_total_topic_count":0,"_bbp_total_reply_count":0,"_bbp_voice_count":0,"_bbp_anonymous_reply_count":0,"_bbp_topic_count_hidden":0,"_bbp_reply_count_hidden":0,"_bbp_forum_subforum_count":0,"footnotes":""},"categories":[104,105,76,103,60,161,217,1,4],"tags":[],"class_list":["post-4843","post","type-post","status-publish","format-standard","has-post-thumbnail","hentry","category-inicial","category-mitja","category-cicle-superior","category-infantil-2","category-families","category-festes","category-final-de-curs","category-general","category-portada"],"post_mailing_queue_ids":[],"_links":{"self":[{"href":"https:\/\/agora.xtec.cat\/escolabacdecerdanya\/wp-json\/wp\/v2\/posts\/4843","targetHints":{"allow":["GET"]}}],"collection":[{"href":"https:\/\/agora.xtec.cat\/escolabacdecerdanya\/wp-json\/wp\/v2\/posts"}],"about":[{"href":"https:\/\/agora.xtec.cat\/escolabacdecerdanya\/wp-json\/wp\/v2\/types\/post"}],"author":[{"embeddable":true,"href":"https:\/\/agora.xtec.cat\/escolabacdecerdanya\/wp-json\/wp\/v2\/users\/5"}],"replies":[{"embeddable":true,"href":"https:\/\/agora.xtec.cat\/escolabacdecerdanya\/wp-json\/wp\/v2\/comments?post=4843"}],"version-history":[{"count":3,"href":"https:\/\/agora.xtec.cat\/escolabacdecerdanya\/wp-json\/wp\/v2\/posts\/4843\/revisions"}],"predecessor-version":[{"id":4851,"href":"https:\/\/agora.xtec.cat\/escolabacdecerdanya\/wp-json\/wp\/v2\/posts\/4843\/revisions\/4851"}],"wp:featuredmedia":[{"embeddable":true,"href":"https:\/\/agora.xtec.cat\/escolabacdecerdanya\/wp-json\/wp\/v2\/media\/4846"}],"wp:attachment":[{"href":"https:\/\/agora.xtec.cat\/escolabacdecerdanya\/wp-json\/wp\/v2\/media?parent=4843"}],"wp:term":[{"taxonomy":"category","embeddable":true,"href":"https:\/\/agora.xtec.cat\/escolabacdecerdanya\/wp-json\/wp\/v2\/categories?post=4843"},{"taxonomy":"post_tag","embeddable":true,"href":"https:\/\/agora.xtec.cat\/escolabacdecerdanya\/wp-json\/wp\/v2\/tags?post=4843"}],"curies":[{"name":"wp","href":"https:\/\/api.w.org\/{rel}","templated":true}]}}