{"id":4835,"date":"2022-06-21T15:22:22","date_gmt":"2022-06-21T13:22:22","guid":{"rendered":"https:\/\/agora.xtec.cat\/escolabacdecerdanya\/?p=4835"},"modified":"2022-06-21T15:22:22","modified_gmt":"2022-06-21T13:22:22","slug":"hotel-dinsectes-2","status":"publish","type":"post","link":"https:\/\/agora.xtec.cat\/escolabacdecerdanya\/general\/hotel-dinsectes-2\/","title":{"rendered":"Hotel d&#8217;insectes"},"content":{"rendered":"<p>Durant aquest tercer trimestre, els alumnes de 6\u00e8 han estat treballant el <em>projecte dels insectes<\/em>. Com a repte del projecte hav\u00edem de construir un <em>hotel d&#8217;insectes<\/em> pel pati. Aquest any hem aprofitat l&#8217;estructura que ens va fer el curs passat el pare del Francesc Carol, que \u00e9s fuster, i durant aquest temps els nens\/es l&#8217;han arreglat i pintat per tenir-lo a punt i han anat portant materials per omplir l&#8217;hotel. Una vegada finalitzat, avui n&#8217;hem fet la presentaci\u00f3 als cursos de P5 i de Cicle Mitj\u00e0. Aqu\u00ed teniu les fotos!<\/p>\n<p style=\"text-align: center\"><a href=\"https:\/\/photos.app.goo.gl\/rz2K2LrFSDWSNBJd6\"><img loading=\"lazy\" decoding=\"async\" class=\"alignnone  wp-image-4839\" src=\"https:\/\/agora.xtec.cat\/escolabacdecerdanya\/wp-content\/uploads\/usu1753\/2022\/06\/hotel.jpg\" alt=\"\" width=\"355\" height=\"266\" srcset=\"https:\/\/agora.xtec.cat\/escolabacdecerdanya\/wp-content\/uploads\/usu1753\/2022\/06\/hotel.jpg 320w, https:\/\/agora.xtec.cat\/escolabacdecerdanya\/wp-content\/uploads\/usu1753\/2022\/06\/hotel-300x225.jpg 300w, https:\/\/agora.xtec.cat\/escolabacdecerdanya\/wp-content\/uploads\/usu1753\/2022\/06\/hotel-200x150.jpg 200w\" sizes=\"auto, (max-width: 355px) 100vw, 355px\" \/><\/a><\/p>\n","protected":false},"excerpt":{"rendered":"<p>Durant aquest tercer trimestre, els alumnes de 6\u00e8 han estat treballant el projecte dels insectes. Com a repte del projecte hav\u00edem de construir un hotel d&#8217;insectes pel pati. Aquest any hem aprofitat l&#8217;estructura que ens va fer el curs passat el pare del Francesc Carol,&hellip;  <a href=\"https:\/\/agora.xtec.cat\/escolabacdecerdanya\/general\/hotel-dinsectes-2\/\" title=\"Read Hotel d&#8217;insectes\">Llegeix m\u00e9s\u00bb<\/a><\/p>\n","protected":false},"author":27,"featured_media":4839,"comment_status":"open","ping_status":"closed","sticky":false,"template":"","format":"standard","meta":{"_bbp_topic_count":0,"_bbp_reply_count":0,"_bbp_total_topic_count":0,"_bbp_total_reply_count":0,"_bbp_voice_count":0,"_bbp_anonymous_reply_count":0,"_bbp_topic_count_hidden":0,"_bbp_reply_count_hidden":0,"_bbp_forum_subforum_count":0,"footnotes":""},"categories":[15,76,1,4],"tags":[],"class_list":["post-4835","post","type-post","status-publish","format-standard","has-post-thumbnail","hentry","category-6e","category-cicle-superior","category-general","category-portada"],"post_mailing_queue_ids":[],"_links":{"self":[{"href":"https:\/\/agora.xtec.cat\/escolabacdecerdanya\/wp-json\/wp\/v2\/posts\/4835","targetHints":{"allow":["GET"]}}],"collection":[{"href":"https:\/\/agora.xtec.cat\/escolabacdecerdanya\/wp-json\/wp\/v2\/posts"}],"about":[{"href":"https:\/\/agora.xtec.cat\/escolabacdecerdanya\/wp-json\/wp\/v2\/types\/post"}],"author":[{"embeddable":true,"href":"https:\/\/agora.xtec.cat\/escolabacdecerdanya\/wp-json\/wp\/v2\/users\/27"}],"replies":[{"embeddable":true,"href":"https:\/\/agora.xtec.cat\/escolabacdecerdanya\/wp-json\/wp\/v2\/comments?post=4835"}],"version-history":[{"count":1,"href":"https:\/\/agora.xtec.cat\/escolabacdecerdanya\/wp-json\/wp\/v2\/posts\/4835\/revisions"}],"predecessor-version":[{"id":4840,"href":"https:\/\/agora.xtec.cat\/escolabacdecerdanya\/wp-json\/wp\/v2\/posts\/4835\/revisions\/4840"}],"wp:featuredmedia":[{"embeddable":true,"href":"https:\/\/agora.xtec.cat\/escolabacdecerdanya\/wp-json\/wp\/v2\/media\/4839"}],"wp:attachment":[{"href":"https:\/\/agora.xtec.cat\/escolabacdecerdanya\/wp-json\/wp\/v2\/media?parent=4835"}],"wp:term":[{"taxonomy":"category","embeddable":true,"href":"https:\/\/agora.xtec.cat\/escolabacdecerdanya\/wp-json\/wp\/v2\/categories?post=4835"},{"taxonomy":"post_tag","embeddable":true,"href":"https:\/\/agora.xtec.cat\/escolabacdecerdanya\/wp-json\/wp\/v2\/tags?post=4835"}],"curies":[{"name":"wp","href":"https:\/\/api.w.org\/{rel}","templated":true}]}}