{"id":4825,"date":"2022-06-16T17:14:20","date_gmt":"2022-06-16T15:14:20","guid":{"rendered":"https:\/\/agora.xtec.cat\/escolabacdecerdanya\/?p=4825"},"modified":"2022-06-16T17:17:27","modified_gmt":"2022-06-16T15:17:27","slug":"experimentem-cm","status":"publish","type":"post","link":"https:\/\/agora.xtec.cat\/escolabacdecerdanya\/general\/experimentem-cm\/","title":{"rendered":"Experimentem CM"},"content":{"rendered":"<p>Aquest dijous, els alumnes de cicle mitj\u00e0 de la comarca ens hem trobat Jornada &#8220;Experimentem&#8221; a Puigcerd\u00e0 per tal d&#8217;endinsar-nos al m\u00f3n cient\u00edfic.<\/p>\n<p>Tot i passar for\u00e7a calor, hem pogut realitzar diversos experiments i fer les nostre hip\u00f2tesis. Hem fet experiments com el de la capil\u00b7laritat, els dibuixos que floten, el p\u00e8ndol, el fluid no newtoni\u00e0 o els colors que desapareixen.<\/p>\n<p>Ha sigut una bona matinal on ens ho hem passat molt b\u00e9! Aqu\u00ed teniu algunes fotografies:\u00a0<a href=\"https:\/\/photos.app.goo.gl\/EjfhULtTVZfpESAk6\">https:\/\/photos.app.goo.gl\/EjfhULtTVZfpESAk6<\/a><\/p>\n<p style=\"text-align: center\"><img loading=\"lazy\" decoding=\"async\" class=\"alignnone size-medium wp-image-4826\" src=\"https:\/\/agora.xtec.cat\/escolabacdecerdanya\/wp-content\/uploads\/usu1753\/2022\/06\/WhatsApp-Image-2022-06-16-at-11.53.56-1-225x300.jpeg\" alt=\"\" width=\"225\" height=\"300\" srcset=\"https:\/\/agora.xtec.cat\/escolabacdecerdanya\/wp-content\/uploads\/usu1753\/2022\/06\/WhatsApp-Image-2022-06-16-at-11.53.56-1-225x300.jpeg 225w, https:\/\/agora.xtec.cat\/escolabacdecerdanya\/wp-content\/uploads\/usu1753\/2022\/06\/WhatsApp-Image-2022-06-16-at-11.53.56-1-768x1024.jpeg 768w, https:\/\/agora.xtec.cat\/escolabacdecerdanya\/wp-content\/uploads\/usu1753\/2022\/06\/WhatsApp-Image-2022-06-16-at-11.53.56-1-1152x1536.jpeg 1152w, https:\/\/agora.xtec.cat\/escolabacdecerdanya\/wp-content\/uploads\/usu1753\/2022\/06\/WhatsApp-Image-2022-06-16-at-11.53.56-1.jpeg 1500w\" sizes=\"auto, (max-width: 225px) 100vw, 225px\" \/><\/p>\n<p>&nbsp;<\/p>\n","protected":false},"excerpt":{"rendered":"<p>Aquest dijous, els alumnes de cicle mitj\u00e0 de la comarca ens hem trobat Jornada &#8220;Experimentem&#8221; a Puigcerd\u00e0 per tal d&#8217;endinsar-nos al m\u00f3n cient\u00edfic.<br \/>\nTot i passar for\u00e7a calor, hem pogut realitzar diversos experiments i fer les nostre hip\u00f2tesis. Hem fet experiments com el de la capil\u00b7laritat,&hellip;  <a href=\"https:\/\/agora.xtec.cat\/escolabacdecerdanya\/general\/experimentem-cm\/\" title=\"Read Experimentem CM\">Llegeix m\u00e9s\u00bb<\/a><\/p>\n","protected":false},"author":32,"featured_media":4826,"comment_status":"open","ping_status":"closed","sticky":false,"template":"","format":"standard","meta":{"_bbp_topic_count":0,"_bbp_reply_count":0,"_bbp_total_topic_count":0,"_bbp_total_reply_count":0,"_bbp_voice_count":0,"_bbp_anonymous_reply_count":0,"_bbp_topic_count_hidden":0,"_bbp_reply_count_hidden":0,"_bbp_forum_subforum_count":0,"footnotes":""},"categories":[12,13,105,1,4],"tags":[],"class_list":["post-4825","post","type-post","status-publish","format-standard","has-post-thumbnail","hentry","category-3r","category-4t","category-mitja","category-general","category-portada"],"post_mailing_queue_ids":[],"_links":{"self":[{"href":"https:\/\/agora.xtec.cat\/escolabacdecerdanya\/wp-json\/wp\/v2\/posts\/4825","targetHints":{"allow":["GET"]}}],"collection":[{"href":"https:\/\/agora.xtec.cat\/escolabacdecerdanya\/wp-json\/wp\/v2\/posts"}],"about":[{"href":"https:\/\/agora.xtec.cat\/escolabacdecerdanya\/wp-json\/wp\/v2\/types\/post"}],"author":[{"embeddable":true,"href":"https:\/\/agora.xtec.cat\/escolabacdecerdanya\/wp-json\/wp\/v2\/users\/32"}],"replies":[{"embeddable":true,"href":"https:\/\/agora.xtec.cat\/escolabacdecerdanya\/wp-json\/wp\/v2\/comments?post=4825"}],"version-history":[{"count":2,"href":"https:\/\/agora.xtec.cat\/escolabacdecerdanya\/wp-json\/wp\/v2\/posts\/4825\/revisions"}],"predecessor-version":[{"id":4828,"href":"https:\/\/agora.xtec.cat\/escolabacdecerdanya\/wp-json\/wp\/v2\/posts\/4825\/revisions\/4828"}],"wp:featuredmedia":[{"embeddable":true,"href":"https:\/\/agora.xtec.cat\/escolabacdecerdanya\/wp-json\/wp\/v2\/media\/4826"}],"wp:attachment":[{"href":"https:\/\/agora.xtec.cat\/escolabacdecerdanya\/wp-json\/wp\/v2\/media?parent=4825"}],"wp:term":[{"taxonomy":"category","embeddable":true,"href":"https:\/\/agora.xtec.cat\/escolabacdecerdanya\/wp-json\/wp\/v2\/categories?post=4825"},{"taxonomy":"post_tag","embeddable":true,"href":"https:\/\/agora.xtec.cat\/escolabacdecerdanya\/wp-json\/wp\/v2\/tags?post=4825"}],"curies":[{"name":"wp","href":"https:\/\/api.w.org\/{rel}","templated":true}]}}