{"id":481,"date":"2018-01-08T14:44:00","date_gmt":"2018-01-08T13:44:00","guid":{"rendered":""},"modified":"2018-04-04T12:35:15","modified_gmt":"2018-04-04T10:35:15","slug":"setmana-blanca-comencada","status":"publish","type":"post","link":"https:\/\/agora.xtec.cat\/escolabacdecerdanya\/portada\/setmana-blanca-comencada\/","title":{"rendered":"SETMANA BLANCA comen\u00e7ada!!"},"content":{"rendered":"<p><span style=\"font-family: Verdana, sans-serif;\">Les vacances de Nadal ja han acabat i toca tornar a l&#8217;escola! B\u00e9, m\u00e9s aviat a les pistes. Com aquests \u00faltims anys, des del primer dia de tornada comen\u00e7a la <span style=\"color: #3d85c6;\"><b>setmana blanca<\/b><\/span> i la majoria dels nostres alumnes marxen cap a la neu.<\/span><br \/><span style=\"font-family: Verdana, sans-serif;\"><br \/><\/span><span style=\"font-family: Verdana, sans-serif;\">Aquest any a les especialitats d&#8217;<i><span style=\"color: #3d85c6;\">esqu\u00ed alp\u00ed<\/span><\/i> i <i><span style=\"color: #3d85c6;\">snowboard<\/span><\/i>, hi ha tamb\u00e9 la opci\u00f3 de <b><i><span style=\"color: #6fa8dc;\">telemark<\/span><\/i><\/b> a la que s&#8217;hi podien apuntar els alumnes de 1r a 6\u00e8.<\/span><br \/><span style=\"font-family: Verdana, sans-serif;\"><br \/><\/span><span style=\"font-family: Verdana, sans-serif;\">Clicant al text de sota podreu observar unes fotos del dia a dia de la setmana i de cada especialitat.<\/span><br \/><span style=\"font-family: Verdana, sans-serif;\"><br \/><\/span><\/p>\n<div style=\"text-align: center;\"><span style=\"font-family: Verdana, sans-serif; font-size: large;\"><a href=\"https:\/\/photos.app.goo.gl\/jjN8LMaiNyqbv2R83\" target=\"_blank\">SETMANA BLANCA<\/a><\/span><\/div>\n","protected":false},"excerpt":{"rendered":"<p>Les vacances de Nadal ja han acabat i toca tornar a l&#8217;escola! B\u00e9, m\u00e9s aviat a les pistes. Com aquests \u00faltims anys, des del primer dia de tornada comen\u00e7a la setmana blanca i la majoria dels nostres alumnes marxen cap a la neu.Aquest any a&hellip;  <a href=\"https:\/\/agora.xtec.cat\/escolabacdecerdanya\/portada\/setmana-blanca-comencada\/\" title=\"Read SETMANA BLANCA comen\u00e7ada!!\">Llegeix m\u00e9s\u00bb<\/a><\/p>\n","protected":false},"author":1,"featured_media":0,"comment_status":"open","ping_status":"closed","sticky":false,"template":"","format":"standard","meta":{"_bbp_topic_count":0,"_bbp_reply_count":0,"_bbp_total_topic_count":0,"_bbp_total_reply_count":0,"_bbp_voice_count":0,"_bbp_anonymous_reply_count":0,"_bbp_topic_count_hidden":0,"_bbp_reply_count_hidden":0,"_bbp_forum_subforum_count":0,"footnotes":""},"categories":[68,4],"tags":[],"class_list":["post-481","post","type-post","status-publish","format-standard","hentry","category-esqui","category-portada"],"post_mailing_queue_ids":[],"_links":{"self":[{"href":"https:\/\/agora.xtec.cat\/escolabacdecerdanya\/wp-json\/wp\/v2\/posts\/481","targetHints":{"allow":["GET"]}}],"collection":[{"href":"https:\/\/agora.xtec.cat\/escolabacdecerdanya\/wp-json\/wp\/v2\/posts"}],"about":[{"href":"https:\/\/agora.xtec.cat\/escolabacdecerdanya\/wp-json\/wp\/v2\/types\/post"}],"author":[{"embeddable":true,"href":"https:\/\/agora.xtec.cat\/escolabacdecerdanya\/wp-json\/wp\/v2\/users\/1"}],"replies":[{"embeddable":true,"href":"https:\/\/agora.xtec.cat\/escolabacdecerdanya\/wp-json\/wp\/v2\/comments?post=481"}],"version-history":[{"count":1,"href":"https:\/\/agora.xtec.cat\/escolabacdecerdanya\/wp-json\/wp\/v2\/posts\/481\/revisions"}],"predecessor-version":[{"id":624,"href":"https:\/\/agora.xtec.cat\/escolabacdecerdanya\/wp-json\/wp\/v2\/posts\/481\/revisions\/624"}],"wp:attachment":[{"href":"https:\/\/agora.xtec.cat\/escolabacdecerdanya\/wp-json\/wp\/v2\/media?parent=481"}],"wp:term":[{"taxonomy":"category","embeddable":true,"href":"https:\/\/agora.xtec.cat\/escolabacdecerdanya\/wp-json\/wp\/v2\/categories?post=481"},{"taxonomy":"post_tag","embeddable":true,"href":"https:\/\/agora.xtec.cat\/escolabacdecerdanya\/wp-json\/wp\/v2\/tags?post=481"}],"curies":[{"name":"wp","href":"https:\/\/api.w.org\/{rel}","templated":true}]}}