{"id":4809,"date":"2022-06-15T11:50:43","date_gmt":"2022-06-15T09:50:43","guid":{"rendered":"https:\/\/agora.xtec.cat\/escolabacdecerdanya\/?p=4809"},"modified":"2022-06-15T11:50:43","modified_gmt":"2022-06-15T09:50:43","slug":"festa-dels-50-anys-de-lescola-bac-de-cerdanya","status":"publish","type":"post","link":"https:\/\/agora.xtec.cat\/escolabacdecerdanya\/general\/festa-dels-50-anys-de-lescola-bac-de-cerdanya\/","title":{"rendered":"Festa dels 50 anys de l&#8217;Escola Bac de Cerdanya"},"content":{"rendered":"<p><strong>Diumenge passat, 12 de juny, vam celebrar els 50 anys de l&#8217;escola!<\/strong><a href=\"https:\/\/agora.xtec.cat\/escolabacdecerdanya\/wp-content\/uploads\/usu1753\/2022\/06\/IMG-20220429-WA0000.jpg\"><img loading=\"lazy\" decoding=\"async\" class=\"wp-image-4810 alignright\" src=\"https:\/\/agora.xtec.cat\/escolabacdecerdanya\/wp-content\/uploads\/usu1753\/2022\/06\/IMG-20220429-WA0000-1024x576.jpg\" alt=\"\" width=\"429\" height=\"241\" srcset=\"https:\/\/agora.xtec.cat\/escolabacdecerdanya\/wp-content\/uploads\/usu1753\/2022\/06\/IMG-20220429-WA0000-1024x576.jpg 1024w, https:\/\/agora.xtec.cat\/escolabacdecerdanya\/wp-content\/uploads\/usu1753\/2022\/06\/IMG-20220429-WA0000-300x169.jpg 300w, https:\/\/agora.xtec.cat\/escolabacdecerdanya\/wp-content\/uploads\/usu1753\/2022\/06\/IMG-20220429-WA0000-768x432.jpg 768w, https:\/\/agora.xtec.cat\/escolabacdecerdanya\/wp-content\/uploads\/usu1753\/2022\/06\/IMG-20220429-WA0000.jpg 1466w\" sizes=\"auto, (max-width: 429px) 100vw, 429px\" \/><\/a><\/p>\n<p>Va ser una festa molt emotiva perqu\u00e8 un munt de gent va voler compartir experi\u00e8ncies, records, batalletes, &#8230; amb altres persones que tamb\u00e9 han format part de la comunitat educativa al llarg de tots aquests anys.<\/p>\n<p><a href=\"https:\/\/agora.xtec.cat\/escolabacdecerdanya\/wp-content\/uploads\/usu1753\/2022\/06\/IMG-20220615-WA0007.jpg\"><img loading=\"lazy\" decoding=\"async\" class=\"wp-image-4814 alignleft\" src=\"https:\/\/agora.xtec.cat\/escolabacdecerdanya\/wp-content\/uploads\/usu1753\/2022\/06\/IMG-20220615-WA0007-1024x1024.jpg\" alt=\"\" width=\"228\" height=\"228\" srcset=\"https:\/\/agora.xtec.cat\/escolabacdecerdanya\/wp-content\/uploads\/usu1753\/2022\/06\/IMG-20220615-WA0007-1024x1024.jpg 1024w, https:\/\/agora.xtec.cat\/escolabacdecerdanya\/wp-content\/uploads\/usu1753\/2022\/06\/IMG-20220615-WA0007-300x300.jpg 300w, https:\/\/agora.xtec.cat\/escolabacdecerdanya\/wp-content\/uploads\/usu1753\/2022\/06\/IMG-20220615-WA0007-150x150.jpg 150w, https:\/\/agora.xtec.cat\/escolabacdecerdanya\/wp-content\/uploads\/usu1753\/2022\/06\/IMG-20220615-WA0007-768x768.jpg 768w, https:\/\/agora.xtec.cat\/escolabacdecerdanya\/wp-content\/uploads\/usu1753\/2022\/06\/IMG-20220615-WA0007-1536x1536.jpg 1536w, https:\/\/agora.xtec.cat\/escolabacdecerdanya\/wp-content\/uploads\/usu1753\/2022\/06\/IMG-20220615-WA0007.jpg 2048w\" sizes=\"auto, (max-width: 228px) 100vw, 228px\" \/><\/a>La pluja encara ens va respectar prou i vam poder fer tot all\u00f2 que estava previst: l&#8217;exposici\u00f3 va ser un \u00e8xit, a la botifarrada es van quedar unes 350 persones, els parlaments molt emotius i el concert de la Corda Fluixa amb la cantada de l&#8217;himne de l&#8217;escola va ser genial.<\/p>\n<p>Al final l&#8217;AMPA va preparar un fant\u00e0stic past\u00eds d&#8217;aniversari!<\/p>\n<p><strong>Gr\u00e0cies a tots els que ho vam fer possible!<\/strong><\/p>\n<p>Si voleu veure les <a href=\"https:\/\/photos.app.goo.gl\/cJwvnHLNEGB3ULERA\">imatges<\/a> i la <a href=\"https:\/\/pirineustv.cat\/lescola-bac-de-cerdanya-clou-la-celebracio-dels-seus-50-anys-amb-una-jornada-festiva\">not\u00edcia de tv pirineus<\/a> entreu als enlla\u00e7os.<\/p>\n<p><a href=\"https:\/\/agora.xtec.cat\/escolabacdecerdanya\/wp-content\/uploads\/usu1753\/2022\/06\/IMG-20220615-WA0008.jpg\"><img loading=\"lazy\" decoding=\"async\" class=\"alignnone  wp-image-4811\" src=\"https:\/\/agora.xtec.cat\/escolabacdecerdanya\/wp-content\/uploads\/usu1753\/2022\/06\/IMG-20220615-WA0008-1024x1024.jpg\" alt=\"\" width=\"204\" height=\"204\" srcset=\"https:\/\/agora.xtec.cat\/escolabacdecerdanya\/wp-content\/uploads\/usu1753\/2022\/06\/IMG-20220615-WA0008-1024x1024.jpg 1024w, https:\/\/agora.xtec.cat\/escolabacdecerdanya\/wp-content\/uploads\/usu1753\/2022\/06\/IMG-20220615-WA0008-300x300.jpg 300w, https:\/\/agora.xtec.cat\/escolabacdecerdanya\/wp-content\/uploads\/usu1753\/2022\/06\/IMG-20220615-WA0008-150x150.jpg 150w, https:\/\/agora.xtec.cat\/escolabacdecerdanya\/wp-content\/uploads\/usu1753\/2022\/06\/IMG-20220615-WA0008-768x768.jpg 768w, https:\/\/agora.xtec.cat\/escolabacdecerdanya\/wp-content\/uploads\/usu1753\/2022\/06\/IMG-20220615-WA0008-1536x1536.jpg 1536w, https:\/\/agora.xtec.cat\/escolabacdecerdanya\/wp-content\/uploads\/usu1753\/2022\/06\/IMG-20220615-WA0008.jpg 2048w\" sizes=\"auto, (max-width: 204px) 100vw, 204px\" \/><\/a><a href=\"https:\/\/agora.xtec.cat\/escolabacdecerdanya\/wp-content\/uploads\/usu1753\/2022\/06\/IMG-20220615-WA0009.jpg\"><img loading=\"lazy\" decoding=\"async\" class=\"alignnone  wp-image-4812\" src=\"https:\/\/agora.xtec.cat\/escolabacdecerdanya\/wp-content\/uploads\/usu1753\/2022\/06\/IMG-20220615-WA0009-1024x1024.jpg\" alt=\"\" width=\"204\" height=\"204\" srcset=\"https:\/\/agora.xtec.cat\/escolabacdecerdanya\/wp-content\/uploads\/usu1753\/2022\/06\/IMG-20220615-WA0009-1024x1024.jpg 1024w, https:\/\/agora.xtec.cat\/escolabacdecerdanya\/wp-content\/uploads\/usu1753\/2022\/06\/IMG-20220615-WA0009-300x300.jpg 300w, https:\/\/agora.xtec.cat\/escolabacdecerdanya\/wp-content\/uploads\/usu1753\/2022\/06\/IMG-20220615-WA0009-150x150.jpg 150w, https:\/\/agora.xtec.cat\/escolabacdecerdanya\/wp-content\/uploads\/usu1753\/2022\/06\/IMG-20220615-WA0009-768x768.jpg 768w, https:\/\/agora.xtec.cat\/escolabacdecerdanya\/wp-content\/uploads\/usu1753\/2022\/06\/IMG-20220615-WA0009-1536x1536.jpg 1536w, https:\/\/agora.xtec.cat\/escolabacdecerdanya\/wp-content\/uploads\/usu1753\/2022\/06\/IMG-20220615-WA0009.jpg 2048w\" sizes=\"auto, (max-width: 204px) 100vw, 204px\" \/><\/a><a href=\"https:\/\/agora.xtec.cat\/escolabacdecerdanya\/wp-content\/uploads\/usu1753\/2022\/06\/IMG-20220615-WA0010.jpg\"><img loading=\"lazy\" decoding=\"async\" class=\"alignnone  wp-image-4813\" src=\"https:\/\/agora.xtec.cat\/escolabacdecerdanya\/wp-content\/uploads\/usu1753\/2022\/06\/IMG-20220615-WA0010-1024x1024.jpg\" alt=\"\" width=\"204\" height=\"204\" srcset=\"https:\/\/agora.xtec.cat\/escolabacdecerdanya\/wp-content\/uploads\/usu1753\/2022\/06\/IMG-20220615-WA0010-1024x1024.jpg 1024w, https:\/\/agora.xtec.cat\/escolabacdecerdanya\/wp-content\/uploads\/usu1753\/2022\/06\/IMG-20220615-WA0010-300x300.jpg 300w, https:\/\/agora.xtec.cat\/escolabacdecerdanya\/wp-content\/uploads\/usu1753\/2022\/06\/IMG-20220615-WA0010-150x150.jpg 150w, https:\/\/agora.xtec.cat\/escolabacdecerdanya\/wp-content\/uploads\/usu1753\/2022\/06\/IMG-20220615-WA0010-768x768.jpg 768w, https:\/\/agora.xtec.cat\/escolabacdecerdanya\/wp-content\/uploads\/usu1753\/2022\/06\/IMG-20220615-WA0010-1536x1536.jpg 1536w, https:\/\/agora.xtec.cat\/escolabacdecerdanya\/wp-content\/uploads\/usu1753\/2022\/06\/IMG-20220615-WA0010.jpg 2048w\" sizes=\"auto, (max-width: 204px) 100vw, 204px\" \/><\/a><a href=\"https:\/\/agora.xtec.cat\/escolabacdecerdanya\/wp-content\/uploads\/usu1753\/2022\/06\/IMG-20220429-WA0000.jpg\"><\/p>\n<p><\/a><\/p>\n","protected":false},"excerpt":{"rendered":"<p>Diumenge passat, 12 de juny, vam celebrar els 50 anys de l&#8217;escola!<a href=\"https:\/\/agora.xtec.cat\/escolabacdecerdanya\/wp-content\/uploads\/usu1753\/2022\/06\/IMG-20220429-WA0000.jpg\"><\/a><br \/>\nVa ser una festa molt emotiva perqu\u00e8 un munt de gent va voler compartir experi\u00e8ncies, records, batalletes, &#8230; amb altres persones que tamb\u00e9 han format part de la comunitat educativa al llarg de&hellip;  <a href=\"https:\/\/agora.xtec.cat\/escolabacdecerdanya\/general\/festa-dels-50-anys-de-lescola-bac-de-cerdanya\/\" title=\"Read Festa dels 50 anys de l&#8217;Escola Bac de Cerdanya\">Llegeix m\u00e9s\u00bb<\/a><\/p>\n","protected":false},"author":8,"featured_media":4814,"comment_status":"open","ping_status":"closed","sticky":false,"template":"","format":"standard","meta":{"_bbp_topic_count":0,"_bbp_reply_count":0,"_bbp_total_topic_count":0,"_bbp_total_reply_count":0,"_bbp_voice_count":0,"_bbp_anonymous_reply_count":0,"_bbp_topic_count_hidden":0,"_bbp_reply_count_hidden":0,"_bbp_forum_subforum_count":0,"footnotes":""},"categories":[10,11,12,13,233,14,15,7,104,105,76,103,60,161,1,63,61,3,8,9,4],"tags":[],"class_list":["post-4809","post","type-post","status-publish","format-standard","has-post-thumbnail","hentry","category-1r","category-2n","category-3r","category-4t","category-50-anys-escola","category-5e","category-6e","category-ampa","category-inicial","category-mitja","category-cicle-superior","category-infantil-2","category-families","category-festes","category-general","category-himne","category-novetats","category-p3","category-p4","category-p5","category-portada"],"post_mailing_queue_ids":[],"_links":{"self":[{"href":"https:\/\/agora.xtec.cat\/escolabacdecerdanya\/wp-json\/wp\/v2\/posts\/4809","targetHints":{"allow":["GET"]}}],"collection":[{"href":"https:\/\/agora.xtec.cat\/escolabacdecerdanya\/wp-json\/wp\/v2\/posts"}],"about":[{"href":"https:\/\/agora.xtec.cat\/escolabacdecerdanya\/wp-json\/wp\/v2\/types\/post"}],"author":[{"embeddable":true,"href":"https:\/\/agora.xtec.cat\/escolabacdecerdanya\/wp-json\/wp\/v2\/users\/8"}],"replies":[{"embeddable":true,"href":"https:\/\/agora.xtec.cat\/escolabacdecerdanya\/wp-json\/wp\/v2\/comments?post=4809"}],"version-history":[{"count":2,"href":"https:\/\/agora.xtec.cat\/escolabacdecerdanya\/wp-json\/wp\/v2\/posts\/4809\/revisions"}],"predecessor-version":[{"id":4816,"href":"https:\/\/agora.xtec.cat\/escolabacdecerdanya\/wp-json\/wp\/v2\/posts\/4809\/revisions\/4816"}],"wp:featuredmedia":[{"embeddable":true,"href":"https:\/\/agora.xtec.cat\/escolabacdecerdanya\/wp-json\/wp\/v2\/media\/4814"}],"wp:attachment":[{"href":"https:\/\/agora.xtec.cat\/escolabacdecerdanya\/wp-json\/wp\/v2\/media?parent=4809"}],"wp:term":[{"taxonomy":"category","embeddable":true,"href":"https:\/\/agora.xtec.cat\/escolabacdecerdanya\/wp-json\/wp\/v2\/categories?post=4809"},{"taxonomy":"post_tag","embeddable":true,"href":"https:\/\/agora.xtec.cat\/escolabacdecerdanya\/wp-json\/wp\/v2\/tags?post=4809"}],"curies":[{"name":"wp","href":"https:\/\/api.w.org\/{rel}","templated":true}]}}