{"id":480,"date":"2018-01-24T13:39:00","date_gmt":"2018-01-24T12:39:00","guid":{"rendered":""},"modified":"2018-04-04T12:35:15","modified_gmt":"2018-04-04T10:35:15","slug":"i-ara-toca-esqui-de-fons-i-trineus","status":"publish","type":"post","link":"https:\/\/agora.xtec.cat\/escolabacdecerdanya\/portada\/i-ara-toca-esqui-de-fons-i-trineus\/","title":{"rendered":"i ara toca ESQU\u00cd DE FONS i TRINEUS!"},"content":{"rendered":"<p><span style=\"font-family: Verdana, sans-serif;\">I com cada any, despr\u00e9s de la setmana blanca comencen els dos divendres d&#8217;<b><span style=\"color: #0b5394;\">esqu\u00ed de fons<\/span><\/b> pels alumnes de Prim\u00e0ria i de <b style=\"background-color: white;\"><span style=\"color: #0b5394;\">trineus i raquetes<\/span><\/b> pels petits.<\/span><br \/><span style=\"font-family: Verdana, sans-serif;\"><br \/><\/span><span style=\"font-family: Verdana, sans-serif;\">Aquest any estem disfrutant al m\u00e0xim de la neu i si ens voleu veure aqu\u00ed teniu algunes fotografies:<\/span><br \/><span style=\"font-family: Verdana, sans-serif;\"><b><br \/><\/b><\/span><\/p>\n<div style=\"text-align: center;\"><span style=\"font-family: Verdana, sans-serif;\"><b><a href=\"https:\/\/photos.app.goo.gl\/MW3RdY0njYrEfjth2\" target=\"_blank\">ESQU\u00cd DE FONS<\/a> (Prim\u00e0ria)<\/b><\/span><\/div>\n<div style=\"text-align: center;\"><span style=\"font-family: Verdana, sans-serif;\"><b><br \/><\/b><\/span><\/div>\n<div style=\"text-align: center;\"><span style=\"font-family: Verdana, sans-serif;\"><b><a href=\"https:\/\/photos.app.goo.gl\/Tv61CkxPPmM8h1zi1\" target=\"_blank\">TRINEUS I RAQUETES<\/a> (Infantil)<\/b><\/span><\/div>\n","protected":false},"excerpt":{"rendered":"<p>I com cada any, despr\u00e9s de la setmana blanca comencen els dos divendres d&#8217;esqu\u00ed de fons pels alumnes de Prim\u00e0ria i de trineus i raquetes pels petits.Aquest any estem disfrutant al m\u00e0xim de la neu i si ens voleu veure aqu\u00ed teniu algunes fotografies:<br \/>\n<a href=\"https:\/\/photos.app.goo.gl\/MW3RdY0njYrEfjth2\"&hellip;  <a href=\"https:\/\/agora.xtec.cat\/escolabacdecerdanya\/portada\/i-ara-toca-esqui-de-fons-i-trineus\/\" title=\"Read i ara toca ESQU\u00cd DE FONS i TRINEUS!\">Llegeix m\u00e9s\u00bb<\/a><\/p>\n","protected":false},"author":1,"featured_media":0,"comment_status":"open","ping_status":"closed","sticky":false,"template":"","format":"standard","meta":{"_bbp_topic_count":0,"_bbp_reply_count":0,"_bbp_total_topic_count":0,"_bbp_total_reply_count":0,"_bbp_voice_count":0,"_bbp_anonymous_reply_count":0,"_bbp_topic_count_hidden":0,"_bbp_reply_count_hidden":0,"_bbp_forum_subforum_count":0,"footnotes":""},"categories":[68,4],"tags":[],"class_list":["post-480","post","type-post","status-publish","format-standard","hentry","category-esqui","category-portada"],"post_mailing_queue_ids":[],"_links":{"self":[{"href":"https:\/\/agora.xtec.cat\/escolabacdecerdanya\/wp-json\/wp\/v2\/posts\/480","targetHints":{"allow":["GET"]}}],"collection":[{"href":"https:\/\/agora.xtec.cat\/escolabacdecerdanya\/wp-json\/wp\/v2\/posts"}],"about":[{"href":"https:\/\/agora.xtec.cat\/escolabacdecerdanya\/wp-json\/wp\/v2\/types\/post"}],"author":[{"embeddable":true,"href":"https:\/\/agora.xtec.cat\/escolabacdecerdanya\/wp-json\/wp\/v2\/users\/1"}],"replies":[{"embeddable":true,"href":"https:\/\/agora.xtec.cat\/escolabacdecerdanya\/wp-json\/wp\/v2\/comments?post=480"}],"version-history":[{"count":1,"href":"https:\/\/agora.xtec.cat\/escolabacdecerdanya\/wp-json\/wp\/v2\/posts\/480\/revisions"}],"predecessor-version":[{"id":623,"href":"https:\/\/agora.xtec.cat\/escolabacdecerdanya\/wp-json\/wp\/v2\/posts\/480\/revisions\/623"}],"wp:attachment":[{"href":"https:\/\/agora.xtec.cat\/escolabacdecerdanya\/wp-json\/wp\/v2\/media?parent=480"}],"wp:term":[{"taxonomy":"category","embeddable":true,"href":"https:\/\/agora.xtec.cat\/escolabacdecerdanya\/wp-json\/wp\/v2\/categories?post=480"},{"taxonomy":"post_tag","embeddable":true,"href":"https:\/\/agora.xtec.cat\/escolabacdecerdanya\/wp-json\/wp\/v2\/tags?post=480"}],"curies":[{"name":"wp","href":"https:\/\/api.w.org\/{rel}","templated":true}]}}