{"id":4796,"date":"2022-06-14T21:31:46","date_gmt":"2022-06-14T19:31:46","guid":{"rendered":"https:\/\/agora.xtec.cat\/escolabacdecerdanya\/?p=4796"},"modified":"2022-06-14T21:31:46","modified_gmt":"2022-06-14T19:31:46","slug":"fira-matematica-2","status":"publish","type":"post","link":"https:\/\/agora.xtec.cat\/escolabacdecerdanya\/general\/fira-matematica-2\/","title":{"rendered":"Fira Matem\u00e0tica"},"content":{"rendered":"<p>Avui els alumnes de cicle inicial de l&#8217;escola ens hem reunit amb alumnes, tamb\u00e9 de 1r i 2n de les altres escoles de la Cerdanya, a la Fira Matem\u00e0tica.\u00a0 Ens ho hem passat molt b\u00e9 jugant amb les matem\u00e0tiques!<\/p>\n<p>Si voleu veure les fotografies cliqueu <a href=\"https:\/\/photos.app.goo.gl\/9Ky6oBuSAfyHbjc86\">aqu\u00ed<\/a>.<\/p>\n<p><a href=\"https:\/\/agora.xtec.cat\/escolabacdecerdanya\/wp-content\/uploads\/usu1753\/2022\/06\/IMG20220614103734-1.jpg\"><img loading=\"lazy\" decoding=\"async\" class=\"alignnone size-large wp-image-4799\" src=\"https:\/\/agora.xtec.cat\/escolabacdecerdanya\/wp-content\/uploads\/usu1753\/2022\/06\/IMG20220614103734-1-984x1024.jpg\" alt=\"\" width=\"984\" height=\"1024\" srcset=\"https:\/\/agora.xtec.cat\/escolabacdecerdanya\/wp-content\/uploads\/usu1753\/2022\/06\/IMG20220614103734-1-984x1024.jpg 984w, https:\/\/agora.xtec.cat\/escolabacdecerdanya\/wp-content\/uploads\/usu1753\/2022\/06\/IMG20220614103734-1-288x300.jpg 288w, https:\/\/agora.xtec.cat\/escolabacdecerdanya\/wp-content\/uploads\/usu1753\/2022\/06\/IMG20220614103734-1-768x799.jpg 768w, https:\/\/agora.xtec.cat\/escolabacdecerdanya\/wp-content\/uploads\/usu1753\/2022\/06\/IMG20220614103734-1-1476x1536.jpg 1476w, https:\/\/agora.xtec.cat\/escolabacdecerdanya\/wp-content\/uploads\/usu1753\/2022\/06\/IMG20220614103734-1-1969x2048.jpg 1969w\" sizes=\"auto, (max-width: 984px) 100vw, 984px\" \/><\/a><\/p>\n","protected":false},"excerpt":{"rendered":"<p>Avui els alumnes de cicle inicial de l&#8217;escola ens hem reunit amb alumnes, tamb\u00e9 de 1r i 2n de les altres escoles de la Cerdanya, a la Fira Matem\u00e0tica.\u00a0 Ens ho hem passat molt b\u00e9 jugant amb les matem\u00e0tiques!<br \/>\nSi voleu veure les fotografies cliqueu <a&hellip;  <a href=\"https:\/\/agora.xtec.cat\/escolabacdecerdanya\/general\/fira-matematica-2\/\" title=\"Read Fira Matem\u00e0tica\">Llegeix m\u00e9s\u00bb<\/a><\/p>\n","protected":false},"author":13,"featured_media":4799,"comment_status":"open","ping_status":"closed","sticky":false,"template":"","format":"standard","meta":{"_bbp_topic_count":0,"_bbp_reply_count":0,"_bbp_total_topic_count":0,"_bbp_total_reply_count":0,"_bbp_voice_count":0,"_bbp_anonymous_reply_count":0,"_bbp_topic_count_hidden":0,"_bbp_reply_count_hidden":0,"_bbp_forum_subforum_count":0,"footnotes":""},"categories":[10,11,104,1,61,4],"tags":[],"class_list":["post-4796","post","type-post","status-publish","format-standard","has-post-thumbnail","hentry","category-1r","category-2n","category-inicial","category-general","category-novetats","category-portada"],"post_mailing_queue_ids":[],"_links":{"self":[{"href":"https:\/\/agora.xtec.cat\/escolabacdecerdanya\/wp-json\/wp\/v2\/posts\/4796","targetHints":{"allow":["GET"]}}],"collection":[{"href":"https:\/\/agora.xtec.cat\/escolabacdecerdanya\/wp-json\/wp\/v2\/posts"}],"about":[{"href":"https:\/\/agora.xtec.cat\/escolabacdecerdanya\/wp-json\/wp\/v2\/types\/post"}],"author":[{"embeddable":true,"href":"https:\/\/agora.xtec.cat\/escolabacdecerdanya\/wp-json\/wp\/v2\/users\/13"}],"replies":[{"embeddable":true,"href":"https:\/\/agora.xtec.cat\/escolabacdecerdanya\/wp-json\/wp\/v2\/comments?post=4796"}],"version-history":[{"count":1,"href":"https:\/\/agora.xtec.cat\/escolabacdecerdanya\/wp-json\/wp\/v2\/posts\/4796\/revisions"}],"predecessor-version":[{"id":4800,"href":"https:\/\/agora.xtec.cat\/escolabacdecerdanya\/wp-json\/wp\/v2\/posts\/4796\/revisions\/4800"}],"wp:featuredmedia":[{"embeddable":true,"href":"https:\/\/agora.xtec.cat\/escolabacdecerdanya\/wp-json\/wp\/v2\/media\/4799"}],"wp:attachment":[{"href":"https:\/\/agora.xtec.cat\/escolabacdecerdanya\/wp-json\/wp\/v2\/media?parent=4796"}],"wp:term":[{"taxonomy":"category","embeddable":true,"href":"https:\/\/agora.xtec.cat\/escolabacdecerdanya\/wp-json\/wp\/v2\/categories?post=4796"},{"taxonomy":"post_tag","embeddable":true,"href":"https:\/\/agora.xtec.cat\/escolabacdecerdanya\/wp-json\/wp\/v2\/tags?post=4796"}],"curies":[{"name":"wp","href":"https:\/\/api.w.org\/{rel}","templated":true}]}}