{"id":478,"date":"2018-01-29T17:29:00","date_gmt":"2018-01-29T16:29:00","guid":{"rendered":""},"modified":"2018-04-04T12:35:15","modified_gmt":"2018-04-04T10:35:15","slug":"observem-organs-de-porc","status":"publish","type":"post","link":"https:\/\/agora.xtec.cat\/escolabacdecerdanya\/general\/observem-organs-de-porc\/","title":{"rendered":"Observem \u00f2rgans de porc"},"content":{"rendered":"<p><span style=\"font-family: &quot;verdana&quot; , sans-serif;\">Aquest cap de setmana, l&#8217;Assumpta, la mestra de m\u00fasica de l&#8217;escola, ha fet la matan\u00e7a del porc a casa seva i ha aprofitat per portar-nos uns quants \u00f2rgans del porc: els pulmons, el cor i els ronyons.<\/span><\/p>\n<div><span style=\"font-family: &quot;verdana&quot; , sans-serif;\"><br \/><\/span><\/div>\n<div><span style=\"font-family: &quot;verdana&quot; , sans-serif;\">Aprofitant l&#8217;ocasi\u00f3, tots els alumnes de l&#8217;escola han passat a observar-los i experimentar una mica amb tots ells.<\/span><\/div>\n<div><span style=\"font-family: &quot;verdana&quot; , sans-serif;\"><br \/><\/span><\/div>\n<div><span style=\"font-family: &quot;verdana&quot; , sans-serif;\">Aqu\u00ed us deixem unes quantes fotos:<\/span><\/div>\n<div><span style=\"font-family: &quot;verdana&quot; , sans-serif;\"><br \/><\/span><\/div>\n<div style=\"clear: both; text-align: center;\"><a href=\"https:\/\/photos.app.goo.gl\/kWcXCU6IaEbyQKK63\" target=\"_blank\"><img loading=\"lazy\" decoding=\"async\" border=\"0\" data-original-height=\"1200\" data-original-width=\"1600\" height=\"240\" src=\"http:\/\/agora.xtec.cat\/escolabacdecerdanya\/wp-content\/uploads\/usu1753\/2018\/01\/IMG_6035-300x225.jpg\" width=\"320\" \/><\/a><\/div>\n<div style=\"clear: both; text-align: center;\"><\/div>\n<div><span style=\"font-family: Verdana, sans-serif;\">I si voleu veure com s&#8217;inflen els pulmons, aqu\u00ed us deixem un v\u00eddeo:<\/span><\/p>\n<\/div>\n<p><iframe loading=\"lazy\" width=\"560\" height=\"315\" src=\"https:\/\/www.youtube.com\/embed\/KjvVBtKgGbc\" frameborder=\"0\" allow=\"autoplay; encrypted-media\" allowfullscreen><\/iframe><\/p>\n","protected":false},"excerpt":{"rendered":"<p>Aquest cap de setmana, l&#8217;Assumpta, la mestra de m\u00fasica de l&#8217;escola, ha fet la matan\u00e7a del porc a casa seva i ha aprofitat per portar-nos uns quants \u00f2rgans del porc: els pulmons, el cor i els ronyons.<\/p>\n<p>Aprofitant l&#8217;ocasi\u00f3, tots els alumnes de l&#8217;escola han passat&hellip;  <a href=\"https:\/\/agora.xtec.cat\/escolabacdecerdanya\/general\/observem-organs-de-porc\/\" title=\"Read Observem \u00f2rgans de porc\">Llegeix m\u00e9s\u00bb<\/a><\/p>\n","protected":false},"author":1,"featured_media":619,"comment_status":"open","ping_status":"closed","sticky":false,"template":"","format":"standard","meta":{"_bbp_topic_count":0,"_bbp_reply_count":0,"_bbp_total_topic_count":0,"_bbp_total_reply_count":0,"_bbp_voice_count":0,"_bbp_anonymous_reply_count":0,"_bbp_topic_count_hidden":0,"_bbp_reply_count_hidden":0,"_bbp_forum_subforum_count":0,"footnotes":""},"categories":[1,4],"tags":[],"class_list":["post-478","post","type-post","status-publish","format-standard","has-post-thumbnail","hentry","category-general","category-portada"],"post_mailing_queue_ids":[],"_links":{"self":[{"href":"https:\/\/agora.xtec.cat\/escolabacdecerdanya\/wp-json\/wp\/v2\/posts\/478","targetHints":{"allow":["GET"]}}],"collection":[{"href":"https:\/\/agora.xtec.cat\/escolabacdecerdanya\/wp-json\/wp\/v2\/posts"}],"about":[{"href":"https:\/\/agora.xtec.cat\/escolabacdecerdanya\/wp-json\/wp\/v2\/types\/post"}],"author":[{"embeddable":true,"href":"https:\/\/agora.xtec.cat\/escolabacdecerdanya\/wp-json\/wp\/v2\/users\/1"}],"replies":[{"embeddable":true,"href":"https:\/\/agora.xtec.cat\/escolabacdecerdanya\/wp-json\/wp\/v2\/comments?post=478"}],"version-history":[{"count":2,"href":"https:\/\/agora.xtec.cat\/escolabacdecerdanya\/wp-json\/wp\/v2\/posts\/478\/revisions"}],"predecessor-version":[{"id":651,"href":"https:\/\/agora.xtec.cat\/escolabacdecerdanya\/wp-json\/wp\/v2\/posts\/478\/revisions\/651"}],"wp:featuredmedia":[{"embeddable":true,"href":"https:\/\/agora.xtec.cat\/escolabacdecerdanya\/wp-json\/wp\/v2\/media\/619"}],"wp:attachment":[{"href":"https:\/\/agora.xtec.cat\/escolabacdecerdanya\/wp-json\/wp\/v2\/media?parent=478"}],"wp:term":[{"taxonomy":"category","embeddable":true,"href":"https:\/\/agora.xtec.cat\/escolabacdecerdanya\/wp-json\/wp\/v2\/categories?post=478"},{"taxonomy":"post_tag","embeddable":true,"href":"https:\/\/agora.xtec.cat\/escolabacdecerdanya\/wp-json\/wp\/v2\/tags?post=478"}],"curies":[{"name":"wp","href":"https:\/\/api.w.org\/{rel}","templated":true}]}}