{"id":4773,"date":"2022-06-07T18:11:33","date_gmt":"2022-06-07T16:11:33","guid":{"rendered":"https:\/\/agora.xtec.cat\/escolabacdecerdanya\/?p=4773"},"modified":"2022-06-13T19:41:34","modified_gmt":"2022-06-13T17:41:34","slug":"trobada-multiatletica","status":"publish","type":"post","link":"https:\/\/agora.xtec.cat\/escolabacdecerdanya\/general\/trobada-multiatletica\/","title":{"rendered":"Trobada multiatl\u00e8tica"},"content":{"rendered":"<p style=\"text-align: justify\">Avui, 7 de juny, els alumnes de Cicle Superior, hem participat a la 1\u00aaJornada Multiatl\u00e8tica que s&#8217;ha celebrat a Ll\u00edvia. Hi havien nens\/es de tota la comarca i per equips hem anat realitzant totes les proves que ens havien preparat des del Consell Esportiu: llan\u00e7ament de pes, velocitat i relleus, salt de llargada, llan\u00e7ament de javalina, salt d&#8217;al\u00e7ada i tanques amb relleus. Ha sigut una experi\u00e8ncia nova i hem passat un mat\u00ed ben divertit! M\u00e9s tard ens han comunicat que hem sigut l&#8217;escola m\u00e9s ben classificada de la jornada!!!! S\u00f3n uns CRACKS!<\/p>\n<p style=\"text-align: center\"><a href=\"https:\/\/photos.app.goo.gl\/Hd8MGbTg15HswUBD9\"><img loading=\"lazy\" decoding=\"async\" class=\"alignnone wp-image-4774\" src=\"https:\/\/agora.xtec.cat\/escolabacdecerdanya\/wp-content\/uploads\/usu1753\/2022\/06\/FOTO.jpg\" alt=\"\" width=\"899\" height=\"674\" srcset=\"https:\/\/agora.xtec.cat\/escolabacdecerdanya\/wp-content\/uploads\/usu1753\/2022\/06\/FOTO.jpg 1008w, https:\/\/agora.xtec.cat\/escolabacdecerdanya\/wp-content\/uploads\/usu1753\/2022\/06\/FOTO-300x225.jpg 300w, https:\/\/agora.xtec.cat\/escolabacdecerdanya\/wp-content\/uploads\/usu1753\/2022\/06\/FOTO-768x576.jpg 768w, https:\/\/agora.xtec.cat\/escolabacdecerdanya\/wp-content\/uploads\/usu1753\/2022\/06\/FOTO-200x150.jpg 200w\" sizes=\"auto, (max-width: 899px) 100vw, 899px\" \/><\/a><\/p>\n","protected":false},"excerpt":{"rendered":"<p>Avui, 7 de juny, els alumnes de Cicle Superior, hem participat a la 1\u00aaJornada Multiatl\u00e8tica que s&#8217;ha celebrat a Ll\u00edvia. Hi havien nens\/es de tota la comarca i per equips hem anat realitzant totes les proves que ens havien preparat des del Consell Esportiu: llan\u00e7ament&hellip;  <a href=\"https:\/\/agora.xtec.cat\/escolabacdecerdanya\/general\/trobada-multiatletica\/\" title=\"Read Trobada multiatl\u00e8tica\">Llegeix m\u00e9s\u00bb<\/a><\/p>\n","protected":false},"author":27,"featured_media":4774,"comment_status":"open","ping_status":"closed","sticky":false,"template":"","format":"standard","meta":{"_bbp_topic_count":0,"_bbp_reply_count":0,"_bbp_total_topic_count":0,"_bbp_total_reply_count":0,"_bbp_voice_count":0,"_bbp_anonymous_reply_count":0,"_bbp_topic_count_hidden":0,"_bbp_reply_count_hidden":0,"_bbp_forum_subforum_count":0,"footnotes":""},"categories":[14,15,76,1,4],"tags":[],"class_list":["post-4773","post","type-post","status-publish","format-standard","has-post-thumbnail","hentry","category-5e","category-6e","category-cicle-superior","category-general","category-portada"],"post_mailing_queue_ids":[],"_links":{"self":[{"href":"https:\/\/agora.xtec.cat\/escolabacdecerdanya\/wp-json\/wp\/v2\/posts\/4773","targetHints":{"allow":["GET"]}}],"collection":[{"href":"https:\/\/agora.xtec.cat\/escolabacdecerdanya\/wp-json\/wp\/v2\/posts"}],"about":[{"href":"https:\/\/agora.xtec.cat\/escolabacdecerdanya\/wp-json\/wp\/v2\/types\/post"}],"author":[{"embeddable":true,"href":"https:\/\/agora.xtec.cat\/escolabacdecerdanya\/wp-json\/wp\/v2\/users\/27"}],"replies":[{"embeddable":true,"href":"https:\/\/agora.xtec.cat\/escolabacdecerdanya\/wp-json\/wp\/v2\/comments?post=4773"}],"version-history":[{"count":3,"href":"https:\/\/agora.xtec.cat\/escolabacdecerdanya\/wp-json\/wp\/v2\/posts\/4773\/revisions"}],"predecessor-version":[{"id":4795,"href":"https:\/\/agora.xtec.cat\/escolabacdecerdanya\/wp-json\/wp\/v2\/posts\/4773\/revisions\/4795"}],"wp:featuredmedia":[{"embeddable":true,"href":"https:\/\/agora.xtec.cat\/escolabacdecerdanya\/wp-json\/wp\/v2\/media\/4774"}],"wp:attachment":[{"href":"https:\/\/agora.xtec.cat\/escolabacdecerdanya\/wp-json\/wp\/v2\/media?parent=4773"}],"wp:term":[{"taxonomy":"category","embeddable":true,"href":"https:\/\/agora.xtec.cat\/escolabacdecerdanya\/wp-json\/wp\/v2\/categories?post=4773"},{"taxonomy":"post_tag","embeddable":true,"href":"https:\/\/agora.xtec.cat\/escolabacdecerdanya\/wp-json\/wp\/v2\/tags?post=4773"}],"curies":[{"name":"wp","href":"https:\/\/api.w.org\/{rel}","templated":true}]}}