{"id":4690,"date":"2022-05-29T18:09:07","date_gmt":"2022-05-29T16:09:07","guid":{"rendered":"https:\/\/agora.xtec.cat\/escolabacdecerdanya\/?p=4690"},"modified":"2022-05-29T18:09:30","modified_gmt":"2022-05-29T16:09:30","slug":"gimana-cm-i-2n","status":"publish","type":"post","link":"https:\/\/agora.xtec.cat\/escolabacdecerdanya\/general\/gimana-cm-i-2n\/","title":{"rendered":"Gimcana CM i 2n"},"content":{"rendered":"<p>Els alumnes de cicle mitj\u00e0 hem estat fent el projecte sobre mapes i relleu i hem apr\u00e8s moltes coses sobre l&#8217;orientaci\u00f3. Ens ha agradat tant el tema que hem decidit organitzar una gimcana d&#8217;orientaci\u00f3 pels alumnes de 2n. A la gimcana els hi vam donar un mapa amb diversos punts senyalats de dintre el pati i el parc de davant. Els nens i nenes de 2n havien d&#8217;orientar b\u00e9 el mapa i trobar aquests punts on hi havia unes banderes blaves amagades. Quan la trob\u00e0vem els alumnes de CM els hi d\u00e8iem una prova que havien de superar si volien aconseguir unes targetes amb formes que servien com a senyal que havien superat la prova. Els nens i nenes de 2n ho van fer molt b\u00e9 i tots plegats vam passar una bona estona, jugant i aprenent grans i petits junts.<\/p>\n<p>Si voleu veure fotos i v\u00eddeos cliqueu aqu\u00ed:\u00a0<a href=\"https:\/\/photos.app.goo.gl\/TXRk3NLJPPq1aEZ29\">https:\/\/photos.app.goo.gl\/TXRk3NLJPPq1aEZ29<\/a><\/p>\n<p><img loading=\"lazy\" decoding=\"async\" class=\"alignnone size-medium wp-image-4692 aligncenter\" src=\"https:\/\/agora.xtec.cat\/escolabacdecerdanya\/wp-content\/uploads\/usu1753\/2022\/05\/20220527_154210-264x300.jpg\" alt=\"\" width=\"264\" height=\"300\" srcset=\"https:\/\/agora.xtec.cat\/escolabacdecerdanya\/wp-content\/uploads\/usu1753\/2022\/05\/20220527_154210-264x300.jpg 264w, https:\/\/agora.xtec.cat\/escolabacdecerdanya\/wp-content\/uploads\/usu1753\/2022\/05\/20220527_154210-901x1024.jpg 901w, https:\/\/agora.xtec.cat\/escolabacdecerdanya\/wp-content\/uploads\/usu1753\/2022\/05\/20220527_154210-768x873.jpg 768w, https:\/\/agora.xtec.cat\/escolabacdecerdanya\/wp-content\/uploads\/usu1753\/2022\/05\/20220527_154210-1351x1536.jpg 1351w, https:\/\/agora.xtec.cat\/escolabacdecerdanya\/wp-content\/uploads\/usu1753\/2022\/05\/20220527_154210-1802x2048.jpg 1802w\" sizes=\"auto, (max-width: 264px) 100vw, 264px\" \/><\/p>\n","protected":false},"excerpt":{"rendered":"<p>Els alumnes de cicle mitj\u00e0 hem estat fent el projecte sobre mapes i relleu i hem apr\u00e8s moltes coses sobre l&#8217;orientaci\u00f3. Ens ha agradat tant el tema que hem decidit organitzar una gimcana d&#8217;orientaci\u00f3 pels alumnes de 2n. A la gimcana els hi vam donar&hellip;  <a href=\"https:\/\/agora.xtec.cat\/escolabacdecerdanya\/general\/gimana-cm-i-2n\/\" title=\"Read Gimcana CM i 2n\">Llegeix m\u00e9s\u00bb<\/a><\/p>\n","protected":false},"author":32,"featured_media":4692,"comment_status":"open","ping_status":"closed","sticky":false,"template":"","format":"standard","meta":{"_bbp_topic_count":0,"_bbp_reply_count":0,"_bbp_total_topic_count":0,"_bbp_total_reply_count":0,"_bbp_voice_count":0,"_bbp_anonymous_reply_count":0,"_bbp_topic_count_hidden":0,"_bbp_reply_count_hidden":0,"_bbp_forum_subforum_count":0,"footnotes":""},"categories":[11,12,13,104,105,1,4],"tags":[],"class_list":["post-4690","post","type-post","status-publish","format-standard","has-post-thumbnail","hentry","category-2n","category-3r","category-4t","category-inicial","category-mitja","category-general","category-portada"],"post_mailing_queue_ids":[],"_links":{"self":[{"href":"https:\/\/agora.xtec.cat\/escolabacdecerdanya\/wp-json\/wp\/v2\/posts\/4690","targetHints":{"allow":["GET"]}}],"collection":[{"href":"https:\/\/agora.xtec.cat\/escolabacdecerdanya\/wp-json\/wp\/v2\/posts"}],"about":[{"href":"https:\/\/agora.xtec.cat\/escolabacdecerdanya\/wp-json\/wp\/v2\/types\/post"}],"author":[{"embeddable":true,"href":"https:\/\/agora.xtec.cat\/escolabacdecerdanya\/wp-json\/wp\/v2\/users\/32"}],"replies":[{"embeddable":true,"href":"https:\/\/agora.xtec.cat\/escolabacdecerdanya\/wp-json\/wp\/v2\/comments?post=4690"}],"version-history":[{"count":2,"href":"https:\/\/agora.xtec.cat\/escolabacdecerdanya\/wp-json\/wp\/v2\/posts\/4690\/revisions"}],"predecessor-version":[{"id":4694,"href":"https:\/\/agora.xtec.cat\/escolabacdecerdanya\/wp-json\/wp\/v2\/posts\/4690\/revisions\/4694"}],"wp:featuredmedia":[{"embeddable":true,"href":"https:\/\/agora.xtec.cat\/escolabacdecerdanya\/wp-json\/wp\/v2\/media\/4692"}],"wp:attachment":[{"href":"https:\/\/agora.xtec.cat\/escolabacdecerdanya\/wp-json\/wp\/v2\/media?parent=4690"}],"wp:term":[{"taxonomy":"category","embeddable":true,"href":"https:\/\/agora.xtec.cat\/escolabacdecerdanya\/wp-json\/wp\/v2\/categories?post=4690"},{"taxonomy":"post_tag","embeddable":true,"href":"https:\/\/agora.xtec.cat\/escolabacdecerdanya\/wp-json\/wp\/v2\/tags?post=4690"}],"curies":[{"name":"wp","href":"https:\/\/api.w.org\/{rel}","templated":true}]}}