{"id":4686,"date":"2022-05-27T13:12:38","date_gmt":"2022-05-27T11:12:38","guid":{"rendered":"https:\/\/agora.xtec.cat\/escolabacdecerdanya\/?p=4686"},"modified":"2022-05-27T13:12:38","modified_gmt":"2022-05-27T11:12:38","slug":"fem-les-rajoles-a-6e","status":"publish","type":"post","link":"https:\/\/agora.xtec.cat\/escolabacdecerdanya\/general\/fem-les-rajoles-a-6e\/","title":{"rendered":"FEM LES RAJOLES A 6\u00e8"},"content":{"rendered":"<p>Aquesta setmana, el dimecres dia 25 de maig, ha vingut\u00a0 el Miquel del Taller d&#8217;Arts de Puigcerd\u00e0 a fer-nos el taller de rajoles a 6\u00e8. Els nens\/es els ha agradat molt treballar sobre aquest material, resseguint la seva m\u00e0 i decorant-la lliurement. Com cada any, podrem veure les rajoles acabades l&#8217;\u00faltim dia de curs i passaran a formar part de la fa\u00e7ana de l&#8217;escola.<\/p>\n<p><a href=\"https:\/\/photos.app.goo.gl\/og4zK7ExhvWysEF17\"><img loading=\"lazy\" decoding=\"async\" class=\"wp-image-4687 aligncenter\" src=\"https:\/\/agora.xtec.cat\/escolabacdecerdanya\/wp-content\/uploads\/usu1753\/2022\/05\/20220525_095537-1-1024x576.jpg\" alt=\"\" width=\"608\" height=\"342\" srcset=\"https:\/\/agora.xtec.cat\/escolabacdecerdanya\/wp-content\/uploads\/usu1753\/2022\/05\/20220525_095537-1-1024x576.jpg 1024w, https:\/\/agora.xtec.cat\/escolabacdecerdanya\/wp-content\/uploads\/usu1753\/2022\/05\/20220525_095537-1-300x169.jpg 300w, https:\/\/agora.xtec.cat\/escolabacdecerdanya\/wp-content\/uploads\/usu1753\/2022\/05\/20220525_095537-1-768x432.jpg 768w, https:\/\/agora.xtec.cat\/escolabacdecerdanya\/wp-content\/uploads\/usu1753\/2022\/05\/20220525_095537-1-1536x864.jpg 1536w, https:\/\/agora.xtec.cat\/escolabacdecerdanya\/wp-content\/uploads\/usu1753\/2022\/05\/20220525_095537-1.jpg 2016w\" sizes=\"auto, (max-width: 608px) 100vw, 608px\" \/><\/a><\/p>\n","protected":false},"excerpt":{"rendered":"<p>Aquesta setmana, el dimecres dia 25 de maig, ha vingut\u00a0 el Miquel del Taller d&#8217;Arts de Puigcerd\u00e0 a fer-nos el taller de rajoles a 6\u00e8. Els nens\/es els ha agradat molt treballar sobre aquest material, resseguint la seva m\u00e0 i decorant-la lliurement. Com cada any,&hellip;  <a href=\"https:\/\/agora.xtec.cat\/escolabacdecerdanya\/general\/fem-les-rajoles-a-6e\/\" title=\"Read FEM LES RAJOLES A 6\u00e8\">Llegeix m\u00e9s\u00bb<\/a><\/p>\n","protected":false},"author":27,"featured_media":4687,"comment_status":"open","ping_status":"closed","sticky":false,"template":"","format":"standard","meta":{"_bbp_topic_count":0,"_bbp_reply_count":0,"_bbp_total_topic_count":0,"_bbp_total_reply_count":0,"_bbp_voice_count":0,"_bbp_anonymous_reply_count":0,"_bbp_topic_count_hidden":0,"_bbp_reply_count_hidden":0,"_bbp_forum_subforum_count":0,"footnotes":""},"categories":[1],"tags":[],"class_list":["post-4686","post","type-post","status-publish","format-standard","has-post-thumbnail","hentry","category-general"],"post_mailing_queue_ids":[],"_links":{"self":[{"href":"https:\/\/agora.xtec.cat\/escolabacdecerdanya\/wp-json\/wp\/v2\/posts\/4686","targetHints":{"allow":["GET"]}}],"collection":[{"href":"https:\/\/agora.xtec.cat\/escolabacdecerdanya\/wp-json\/wp\/v2\/posts"}],"about":[{"href":"https:\/\/agora.xtec.cat\/escolabacdecerdanya\/wp-json\/wp\/v2\/types\/post"}],"author":[{"embeddable":true,"href":"https:\/\/agora.xtec.cat\/escolabacdecerdanya\/wp-json\/wp\/v2\/users\/27"}],"replies":[{"embeddable":true,"href":"https:\/\/agora.xtec.cat\/escolabacdecerdanya\/wp-json\/wp\/v2\/comments?post=4686"}],"version-history":[{"count":2,"href":"https:\/\/agora.xtec.cat\/escolabacdecerdanya\/wp-json\/wp\/v2\/posts\/4686\/revisions"}],"predecessor-version":[{"id":4689,"href":"https:\/\/agora.xtec.cat\/escolabacdecerdanya\/wp-json\/wp\/v2\/posts\/4686\/revisions\/4689"}],"wp:featuredmedia":[{"embeddable":true,"href":"https:\/\/agora.xtec.cat\/escolabacdecerdanya\/wp-json\/wp\/v2\/media\/4687"}],"wp:attachment":[{"href":"https:\/\/agora.xtec.cat\/escolabacdecerdanya\/wp-json\/wp\/v2\/media?parent=4686"}],"wp:term":[{"taxonomy":"category","embeddable":true,"href":"https:\/\/agora.xtec.cat\/escolabacdecerdanya\/wp-json\/wp\/v2\/categories?post=4686"},{"taxonomy":"post_tag","embeddable":true,"href":"https:\/\/agora.xtec.cat\/escolabacdecerdanya\/wp-json\/wp\/v2\/tags?post=4686"}],"curies":[{"name":"wp","href":"https:\/\/api.w.org\/{rel}","templated":true}]}}