{"id":4683,"date":"2022-05-26T16:34:10","date_gmt":"2022-05-26T14:34:10","guid":{"rendered":"https:\/\/agora.xtec.cat\/escolabacdecerdanya\/?p=4683"},"modified":"2022-05-26T16:35:48","modified_gmt":"2022-05-26T14:35:48","slug":"dia-de-les-llengues-2022","status":"publish","type":"post","link":"https:\/\/agora.xtec.cat\/escolabacdecerdanya\/general\/dia-de-les-llengues-2022\/","title":{"rendered":"Dia de les Lleng\u00fces 2022"},"content":{"rendered":"<p>Avui dijous 26 de maig els nens i nenes de 5\u00e8 i 6\u00e8 han anat al llac de Puigcerd\u00e0 per celebrar el dia de les lleng\u00fces. All\u00e0 han pogut trobar-se amb companys d&#8217;altres escoles i han hagut de fer unes proves en els diferents idiomes que s&#8217;estudien a l&#8217;escola; el catal\u00e0, el castell\u00e0, l&#8217;angl\u00e8s i el franc\u00e8s. Aquest any ten\u00edem el Qu\u00edtxua com a llengua convidada.<\/p>\n<p>Han gaudit molt de la jornada!<\/p>\n<p>Us deixem algunes imatges:<a href=\"https:\/\/photos.app.goo.gl\/Uw728nxp8f1meANi6\"><img loading=\"lazy\" decoding=\"async\" class=\"alignleft size-full wp-image-4684\" src=\"https:\/\/agora.xtec.cat\/escolabacdecerdanya\/wp-content\/uploads\/usu1753\/2022\/05\/20220526_110058.jpg\" alt=\"\" width=\"2016\" height=\"1134\" srcset=\"https:\/\/agora.xtec.cat\/escolabacdecerdanya\/wp-content\/uploads\/usu1753\/2022\/05\/20220526_110058.jpg 2016w, https:\/\/agora.xtec.cat\/escolabacdecerdanya\/wp-content\/uploads\/usu1753\/2022\/05\/20220526_110058-300x169.jpg 300w, https:\/\/agora.xtec.cat\/escolabacdecerdanya\/wp-content\/uploads\/usu1753\/2022\/05\/20220526_110058-1024x576.jpg 1024w, https:\/\/agora.xtec.cat\/escolabacdecerdanya\/wp-content\/uploads\/usu1753\/2022\/05\/20220526_110058-768x432.jpg 768w, https:\/\/agora.xtec.cat\/escolabacdecerdanya\/wp-content\/uploads\/usu1753\/2022\/05\/20220526_110058-1536x864.jpg 1536w\" sizes=\"auto, (max-width: 2016px) 100vw, 2016px\" \/><\/a><\/p>\n","protected":false},"excerpt":{"rendered":"<p>Avui dijous 26 de maig els nens i nenes de 5\u00e8 i 6\u00e8 han anat al llac de Puigcerd\u00e0 per celebrar el dia de les lleng\u00fces. All\u00e0 han pogut trobar-se amb companys d&#8217;altres escoles i han hagut de fer unes proves en els diferents idiomes&hellip;  <a href=\"https:\/\/agora.xtec.cat\/escolabacdecerdanya\/general\/dia-de-les-llengues-2022\/\" title=\"Read Dia de les Lleng\u00fces 2022\">Llegeix m\u00e9s\u00bb<\/a><\/p>\n","protected":false},"author":1,"featured_media":4684,"comment_status":"open","ping_status":"closed","sticky":false,"template":"","format":"standard","meta":{"_bbp_topic_count":0,"_bbp_reply_count":0,"_bbp_total_topic_count":0,"_bbp_total_reply_count":0,"_bbp_voice_count":0,"_bbp_anonymous_reply_count":0,"_bbp_topic_count_hidden":0,"_bbp_reply_count_hidden":0,"_bbp_forum_subforum_count":0,"footnotes":""},"categories":[14,15,76,145,1,162,4],"tags":[],"class_list":["post-4683","post","type-post","status-publish","format-standard","has-post-thumbnail","hentry","category-5e","category-6e","category-cicle-superior","category-dia-de-les-llengues","category-general","category-llengues-estrangeres","category-portada"],"post_mailing_queue_ids":[],"_links":{"self":[{"href":"https:\/\/agora.xtec.cat\/escolabacdecerdanya\/wp-json\/wp\/v2\/posts\/4683","targetHints":{"allow":["GET"]}}],"collection":[{"href":"https:\/\/agora.xtec.cat\/escolabacdecerdanya\/wp-json\/wp\/v2\/posts"}],"about":[{"href":"https:\/\/agora.xtec.cat\/escolabacdecerdanya\/wp-json\/wp\/v2\/types\/post"}],"author":[{"embeddable":true,"href":"https:\/\/agora.xtec.cat\/escolabacdecerdanya\/wp-json\/wp\/v2\/users\/1"}],"replies":[{"embeddable":true,"href":"https:\/\/agora.xtec.cat\/escolabacdecerdanya\/wp-json\/wp\/v2\/comments?post=4683"}],"version-history":[{"count":1,"href":"https:\/\/agora.xtec.cat\/escolabacdecerdanya\/wp-json\/wp\/v2\/posts\/4683\/revisions"}],"predecessor-version":[{"id":4685,"href":"https:\/\/agora.xtec.cat\/escolabacdecerdanya\/wp-json\/wp\/v2\/posts\/4683\/revisions\/4685"}],"wp:featuredmedia":[{"embeddable":true,"href":"https:\/\/agora.xtec.cat\/escolabacdecerdanya\/wp-json\/wp\/v2\/media\/4684"}],"wp:attachment":[{"href":"https:\/\/agora.xtec.cat\/escolabacdecerdanya\/wp-json\/wp\/v2\/media?parent=4683"}],"wp:term":[{"taxonomy":"category","embeddable":true,"href":"https:\/\/agora.xtec.cat\/escolabacdecerdanya\/wp-json\/wp\/v2\/categories?post=4683"},{"taxonomy":"post_tag","embeddable":true,"href":"https:\/\/agora.xtec.cat\/escolabacdecerdanya\/wp-json\/wp\/v2\/tags?post=4683"}],"curies":[{"name":"wp","href":"https:\/\/api.w.org\/{rel}","templated":true}]}}