{"id":4663,"date":"2022-05-24T13:19:07","date_gmt":"2022-05-24T11:19:07","guid":{"rendered":"https:\/\/agora.xtec.cat\/escolabacdecerdanya\/?p=4663"},"modified":"2022-05-24T13:19:07","modified_gmt":"2022-05-24T11:19:07","slug":"a-lescola-tambe-som-artistes-com-la-lily-brick","status":"publish","type":"post","link":"https:\/\/agora.xtec.cat\/escolabacdecerdanya\/general\/a-lescola-tambe-som-artistes-com-la-lily-brick\/","title":{"rendered":"A l&#8217;escola tamb\u00e9 som artistes com la Lily Brick !"},"content":{"rendered":"<p>Com ja sabeu fa un parell de setmanes vam tenir entre nosaltres la muralista Lily Brick!<\/p>\n<p>Al primer article que us vam compartir hi tenim les imatges i v\u00eddeos del proc\u00e9s del mural que ens ha fet a l&#8217;escola per celebrar el 50\u00e8 aniversari. Durant la setmana van venir tv3 i tvPirineus a explicar la not\u00edcia, us adjuntem l&#8217;enlla\u00e7 als reportatges que van sortir.<\/p>\n<p><a href=\"https:\/\/www.ccma.cat\/tv3\/super3\/infok\/un-supermural-de-la-lily-brick\/video\/6159060\/\"><img loading=\"lazy\" decoding=\"async\" class=\"alignnone wp-image-4667\" src=\"https:\/\/agora.xtec.cat\/escolabacdecerdanya\/wp-content\/uploads\/usu1753\/2022\/05\/lily-infok-1024x576.jpg\" alt=\"\" width=\"480\" height=\"270\" srcset=\"https:\/\/agora.xtec.cat\/escolabacdecerdanya\/wp-content\/uploads\/usu1753\/2022\/05\/lily-infok-1024x576.jpg 1024w, https:\/\/agora.xtec.cat\/escolabacdecerdanya\/wp-content\/uploads\/usu1753\/2022\/05\/lily-infok-300x169.jpg 300w, https:\/\/agora.xtec.cat\/escolabacdecerdanya\/wp-content\/uploads\/usu1753\/2022\/05\/lily-infok-768x432.jpg 768w, https:\/\/agora.xtec.cat\/escolabacdecerdanya\/wp-content\/uploads\/usu1753\/2022\/05\/lily-infok-1536x864.jpg 1536w, https:\/\/agora.xtec.cat\/escolabacdecerdanya\/wp-content\/uploads\/usu1753\/2022\/05\/lily-infok.jpg 1600w\" sizes=\"auto, (max-width: 480px) 100vw, 480px\" \/><\/a> <a href=\"https:\/\/www.ccma.cat\/tv3\/alacarta\/telenoticies-comarques\/lartista-lleidatana-lily-brick-pinta-un-mural-a-lescola-dalp-per-celebrar-els-50-anys-del-centre\/video\/6159016\/\"><img loading=\"lazy\" decoding=\"async\" class=\"wp-image-4668 alignright\" src=\"https:\/\/agora.xtec.cat\/escolabacdecerdanya\/wp-content\/uploads\/usu1753\/2022\/05\/lily-tv3-1024x576.jpg\" alt=\"\" width=\"477\" height=\"268\" srcset=\"https:\/\/agora.xtec.cat\/escolabacdecerdanya\/wp-content\/uploads\/usu1753\/2022\/05\/lily-tv3-1024x576.jpg 1024w, https:\/\/agora.xtec.cat\/escolabacdecerdanya\/wp-content\/uploads\/usu1753\/2022\/05\/lily-tv3-300x169.jpg 300w, https:\/\/agora.xtec.cat\/escolabacdecerdanya\/wp-content\/uploads\/usu1753\/2022\/05\/lily-tv3-768x432.jpg 768w, https:\/\/agora.xtec.cat\/escolabacdecerdanya\/wp-content\/uploads\/usu1753\/2022\/05\/lily-tv3-1536x864.jpg 1536w, https:\/\/agora.xtec.cat\/escolabacdecerdanya\/wp-content\/uploads\/usu1753\/2022\/05\/lily-tv3.jpg 1600w\" sizes=\"auto, (max-width: 477px) 100vw, 477px\" \/><\/a><\/p>\n<p><a href=\"https:\/\/pirineustv.cat\/lartista-lily-brick-pinta-un-mural-a-lescola-bac-de-cerdanya-pel-seu-50e-aniversari\"><img loading=\"lazy\" decoding=\"async\" class=\"alignnone wp-image-4670\" src=\"https:\/\/agora.xtec.cat\/escolabacdecerdanya\/wp-content\/uploads\/usu1753\/2022\/05\/lily-tv-pirineus-1-1024x576.jpg\" alt=\"\" width=\"482\" height=\"271\" srcset=\"https:\/\/agora.xtec.cat\/escolabacdecerdanya\/wp-content\/uploads\/usu1753\/2022\/05\/lily-tv-pirineus-1-1024x576.jpg 1024w, https:\/\/agora.xtec.cat\/escolabacdecerdanya\/wp-content\/uploads\/usu1753\/2022\/05\/lily-tv-pirineus-1-300x169.jpg 300w, https:\/\/agora.xtec.cat\/escolabacdecerdanya\/wp-content\/uploads\/usu1753\/2022\/05\/lily-tv-pirineus-1-768x432.jpg 768w, https:\/\/agora.xtec.cat\/escolabacdecerdanya\/wp-content\/uploads\/usu1753\/2022\/05\/lily-tv-pirineus-1-1536x864.jpg 1536w, https:\/\/agora.xtec.cat\/escolabacdecerdanya\/wp-content\/uploads\/usu1753\/2022\/05\/lily-tv-pirineus-1.jpg 1600w\" sizes=\"auto, (max-width: 482px) 100vw, 482px\" \/>\u00a0 <\/a><a href=\"https:\/\/photos.app.goo.gl\/WFMuHLrQEe3av39t9\"><img loading=\"lazy\" decoding=\"async\" class=\"wp-image-4673 alignright\" src=\"https:\/\/agora.xtec.cat\/escolabacdecerdanya\/wp-content\/uploads\/usu1753\/2022\/05\/IMG-20220524-WA0014-1024x578.jpg\" alt=\"\" width=\"473\" height=\"267\" srcset=\"https:\/\/agora.xtec.cat\/escolabacdecerdanya\/wp-content\/uploads\/usu1753\/2022\/05\/IMG-20220524-WA0014-1024x578.jpg 1024w, https:\/\/agora.xtec.cat\/escolabacdecerdanya\/wp-content\/uploads\/usu1753\/2022\/05\/IMG-20220524-WA0014-300x169.jpg 300w, https:\/\/agora.xtec.cat\/escolabacdecerdanya\/wp-content\/uploads\/usu1753\/2022\/05\/IMG-20220524-WA0014-768x433.jpg 768w, https:\/\/agora.xtec.cat\/escolabacdecerdanya\/wp-content\/uploads\/usu1753\/2022\/05\/IMG-20220524-WA0014-1536x866.jpg 1536w, https:\/\/agora.xtec.cat\/escolabacdecerdanya\/wp-content\/uploads\/usu1753\/2022\/05\/IMG-20220524-WA0014.jpg 2000w\" sizes=\"auto, (max-width: 473px) 100vw, 473px\" \/><\/a><\/p>\n<p>Aquella mateixa setmana la mainada de l&#8217;escola tamb\u00e9 vam\u00a0 fer les nostres obres d&#8217;art a l&#8217;escola, cada classe en va fer una! les voleu veure?<\/p>\n<p>Doncs entreu a la imatge per veure-les totes!<\/p>\n","protected":false},"excerpt":{"rendered":"<p>Com ja sabeu fa un parell de setmanes vam tenir entre nosaltres la muralista Lily Brick!<br \/>\nAl primer article que us vam compartir hi tenim les imatges i v\u00eddeos del proc\u00e9s del mural que ens ha fet a l&#8217;escola per celebrar el 50\u00e8 aniversari. Durant la&hellip;  <a href=\"https:\/\/agora.xtec.cat\/escolabacdecerdanya\/general\/a-lescola-tambe-som-artistes-com-la-lily-brick\/\" title=\"Read A l&#8217;escola tamb\u00e9 som artistes com la Lily Brick !\">Llegeix m\u00e9s\u00bb<\/a><\/p>\n","protected":false},"author":8,"featured_media":4673,"comment_status":"open","ping_status":"closed","sticky":false,"template":"","format":"standard","meta":{"_bbp_topic_count":0,"_bbp_reply_count":0,"_bbp_total_topic_count":0,"_bbp_total_reply_count":0,"_bbp_voice_count":0,"_bbp_anonymous_reply_count":0,"_bbp_topic_count_hidden":0,"_bbp_reply_count_hidden":0,"_bbp_forum_subforum_count":0,"footnotes":""},"categories":[10,11,12,13,233,14,15,104,105,76,103,161,1,61,3,8,9,83,4],"tags":[],"class_list":["post-4663","post","type-post","status-publish","format-standard","has-post-thumbnail","hentry","category-1r","category-2n","category-3r","category-4t","category-50-anys-escola","category-5e","category-6e","category-inicial","category-mitja","category-cicle-superior","category-infantil-2","category-festes","category-general","category-novetats","category-p3","category-p4","category-p5","category-pati","category-portada"],"post_mailing_queue_ids":[],"_links":{"self":[{"href":"https:\/\/agora.xtec.cat\/escolabacdecerdanya\/wp-json\/wp\/v2\/posts\/4663","targetHints":{"allow":["GET"]}}],"collection":[{"href":"https:\/\/agora.xtec.cat\/escolabacdecerdanya\/wp-json\/wp\/v2\/posts"}],"about":[{"href":"https:\/\/agora.xtec.cat\/escolabacdecerdanya\/wp-json\/wp\/v2\/types\/post"}],"author":[{"embeddable":true,"href":"https:\/\/agora.xtec.cat\/escolabacdecerdanya\/wp-json\/wp\/v2\/users\/8"}],"replies":[{"embeddable":true,"href":"https:\/\/agora.xtec.cat\/escolabacdecerdanya\/wp-json\/wp\/v2\/comments?post=4663"}],"version-history":[{"count":3,"href":"https:\/\/agora.xtec.cat\/escolabacdecerdanya\/wp-json\/wp\/v2\/posts\/4663\/revisions"}],"predecessor-version":[{"id":4674,"href":"https:\/\/agora.xtec.cat\/escolabacdecerdanya\/wp-json\/wp\/v2\/posts\/4663\/revisions\/4674"}],"wp:featuredmedia":[{"embeddable":true,"href":"https:\/\/agora.xtec.cat\/escolabacdecerdanya\/wp-json\/wp\/v2\/media\/4673"}],"wp:attachment":[{"href":"https:\/\/agora.xtec.cat\/escolabacdecerdanya\/wp-json\/wp\/v2\/media?parent=4663"}],"wp:term":[{"taxonomy":"category","embeddable":true,"href":"https:\/\/agora.xtec.cat\/escolabacdecerdanya\/wp-json\/wp\/v2\/categories?post=4663"},{"taxonomy":"post_tag","embeddable":true,"href":"https:\/\/agora.xtec.cat\/escolabacdecerdanya\/wp-json\/wp\/v2\/tags?post=4663"}],"curies":[{"name":"wp","href":"https:\/\/api.w.org\/{rel}","templated":true}]}}