{"id":4658,"date":"2022-05-19T19:41:31","date_gmt":"2022-05-19T17:41:31","guid":{"rendered":"https:\/\/agora.xtec.cat\/escolabacdecerdanya\/?p=4658"},"modified":"2022-05-19T19:41:31","modified_gmt":"2022-05-19T17:41:31","slug":"excursio-a-la-fundacio-miro-ed-infantil","status":"publish","type":"post","link":"https:\/\/agora.xtec.cat\/escolabacdecerdanya\/general\/excursio-a-la-fundacio-miro-ed-infantil\/","title":{"rendered":"EXCURSI\u00d3 A LA FUNDACI\u00d3 MIR\u00d3 (ED.INFANTIL)"},"content":{"rendered":"<p>Despr\u00e9s d&#8217;haver treballat l&#8217;artista i la seva obra a l&#8217;aula hem decidit visitar la fundaci\u00f3 Joan Mir\u00f3 a Barcelona. Durant la visita guiada hem pogut observar pintures, escultures i fins i tot tapissos creats per aquest autor. Hem apr\u00e8s moltes coses com per exemple que pintava all\u00f2 que somniava per\u00f2 tamb\u00e9 hem pogut respondre les preguntes que ens feien les guies.<\/p>\n<p>Ha sigut molt interessant!<\/p>\n<p><a href=\"https:\/\/photos.app.goo.gl\/xt8EYzNq6qA1CVCC9\"><img loading=\"lazy\" decoding=\"async\" class=\"aligncenter wp-image-4659 size-medium\" src=\"https:\/\/agora.xtec.cat\/escolabacdecerdanya\/wp-content\/uploads\/usu1753\/2022\/05\/IMG_20220517_120240-300x300.jpg\" alt=\"\" width=\"300\" height=\"300\" srcset=\"https:\/\/agora.xtec.cat\/escolabacdecerdanya\/wp-content\/uploads\/usu1753\/2022\/05\/IMG_20220517_120240-300x300.jpg 300w, https:\/\/agora.xtec.cat\/escolabacdecerdanya\/wp-content\/uploads\/usu1753\/2022\/05\/IMG_20220517_120240-1024x1024.jpg 1024w, https:\/\/agora.xtec.cat\/escolabacdecerdanya\/wp-content\/uploads\/usu1753\/2022\/05\/IMG_20220517_120240-150x150.jpg 150w, https:\/\/agora.xtec.cat\/escolabacdecerdanya\/wp-content\/uploads\/usu1753\/2022\/05\/IMG_20220517_120240-768x768.jpg 768w, https:\/\/agora.xtec.cat\/escolabacdecerdanya\/wp-content\/uploads\/usu1753\/2022\/05\/IMG_20220517_120240-1536x1536.jpg 1536w, https:\/\/agora.xtec.cat\/escolabacdecerdanya\/wp-content\/uploads\/usu1753\/2022\/05\/IMG_20220517_120240-2048x2048.jpg 2048w\" sizes=\"auto, (max-width: 300px) 100vw, 300px\" \/><\/a><\/p>\n","protected":false},"excerpt":{"rendered":"<p>Despr\u00e9s d&#8217;haver treballat l&#8217;artista i la seva obra a l&#8217;aula hem decidit visitar la fundaci\u00f3 Joan Mir\u00f3 a Barcelona. Durant la visita guiada hem pogut observar pintures, escultures i fins i tot tapissos creats per aquest autor. Hem apr\u00e8s moltes coses com per exemple que&hellip;  <a href=\"https:\/\/agora.xtec.cat\/escolabacdecerdanya\/general\/excursio-a-la-fundacio-miro-ed-infantil\/\" title=\"Read EXCURSI\u00d3 A LA FUNDACI\u00d3 MIR\u00d3 (ED.INFANTIL)\">Llegeix m\u00e9s\u00bb<\/a><\/p>\n","protected":false},"author":6,"featured_media":4659,"comment_status":"open","ping_status":"closed","sticky":false,"template":"","format":"standard","meta":{"_bbp_topic_count":0,"_bbp_reply_count":0,"_bbp_total_topic_count":0,"_bbp_total_reply_count":0,"_bbp_voice_count":0,"_bbp_anonymous_reply_count":0,"_bbp_topic_count_hidden":0,"_bbp_reply_count_hidden":0,"_bbp_forum_subforum_count":0,"footnotes":""},"categories":[103,1,61,3,8,9,4,86],"tags":[],"class_list":["post-4658","post","type-post","status-publish","format-standard","has-post-thumbnail","hentry","category-infantil-2","category-general","category-novetats","category-p3","category-p4","category-p5","category-portada","category-sortida"],"post_mailing_queue_ids":[],"_links":{"self":[{"href":"https:\/\/agora.xtec.cat\/escolabacdecerdanya\/wp-json\/wp\/v2\/posts\/4658","targetHints":{"allow":["GET"]}}],"collection":[{"href":"https:\/\/agora.xtec.cat\/escolabacdecerdanya\/wp-json\/wp\/v2\/posts"}],"about":[{"href":"https:\/\/agora.xtec.cat\/escolabacdecerdanya\/wp-json\/wp\/v2\/types\/post"}],"author":[{"embeddable":true,"href":"https:\/\/agora.xtec.cat\/escolabacdecerdanya\/wp-json\/wp\/v2\/users\/6"}],"replies":[{"embeddable":true,"href":"https:\/\/agora.xtec.cat\/escolabacdecerdanya\/wp-json\/wp\/v2\/comments?post=4658"}],"version-history":[{"count":3,"href":"https:\/\/agora.xtec.cat\/escolabacdecerdanya\/wp-json\/wp\/v2\/posts\/4658\/revisions"}],"predecessor-version":[{"id":4662,"href":"https:\/\/agora.xtec.cat\/escolabacdecerdanya\/wp-json\/wp\/v2\/posts\/4658\/revisions\/4662"}],"wp:featuredmedia":[{"embeddable":true,"href":"https:\/\/agora.xtec.cat\/escolabacdecerdanya\/wp-json\/wp\/v2\/media\/4659"}],"wp:attachment":[{"href":"https:\/\/agora.xtec.cat\/escolabacdecerdanya\/wp-json\/wp\/v2\/media?parent=4658"}],"wp:term":[{"taxonomy":"category","embeddable":true,"href":"https:\/\/agora.xtec.cat\/escolabacdecerdanya\/wp-json\/wp\/v2\/categories?post=4658"},{"taxonomy":"post_tag","embeddable":true,"href":"https:\/\/agora.xtec.cat\/escolabacdecerdanya\/wp-json\/wp\/v2\/tags?post=4658"}],"curies":[{"name":"wp","href":"https:\/\/api.w.org\/{rel}","templated":true}]}}