{"id":4646,"date":"2022-05-09T15:35:15","date_gmt":"2022-05-09T13:35:15","guid":{"rendered":"https:\/\/agora.xtec.cat\/escolabacdecerdanya\/?p=4646"},"modified":"2022-05-09T15:36:10","modified_gmt":"2022-05-09T13:36:10","slug":"lily-brick","status":"publish","type":"post","link":"https:\/\/agora.xtec.cat\/escolabacdecerdanya\/general\/lily-brick\/","title":{"rendered":"Lily Brick"},"content":{"rendered":"<p>Aquesta setmana visita l&#8217;escola la Lily Brick, una artista de renom internacional que pinta murals a les parets dels edificis. Durant tota la setmana anir\u00e0 pintant una paret del pati on hi realitzar\u00e0 un mural dedicat als 50 anys de l&#8217;Escola.<\/p>\n<p>Si voleu con\u00e8ixer m\u00e9s de prop l&#8217;obra d&#8217;aquesta artista, us deixem uns enlla\u00e7os on trobareu les seves obres, informaci\u00f3 sobre ella i documentals que expliquen la seva traject\u00f2ria.<\/p>\n<p><a href=\"https:\/\/www.lily.cat\/\">Lily Brick<\/a><\/p>\n<p><a href=\"https:\/\/www.ccma.cat\/tv3\/alacarta\/la-pell-dels-murs\/lilly-brick-ariadna-relea\/video\/6141944\/\">Documental &#8220;La pell dels murs&#8221;<\/a><\/p>\n<p><a href=\"https:\/\/www.rtve.es\/play\/videos\/especials-en-catala\/especials-catala-mireia-serra-lily-brick\/5665353\/\">Especial RTVE<\/a><\/p>\n<p>Podeu seguir l&#8217;evoluci\u00f3 del mural a l&#8217;\u00e0lbum de fotos que trobareu clicant aquesta imatge:<\/p>\n<p><a href=\"https:\/\/photos.app.goo.gl\/eB7s4F1F1kPPuj34A\"><img loading=\"lazy\" decoding=\"async\" class=\"alignleft size-full wp-image-4647\" src=\"https:\/\/agora.xtec.cat\/escolabacdecerdanya\/wp-content\/uploads\/usu1753\/2022\/05\/IMG_20220509_122814.jpg\" alt=\"\" width=\"2080\" height=\"1560\" srcset=\"https:\/\/agora.xtec.cat\/escolabacdecerdanya\/wp-content\/uploads\/usu1753\/2022\/05\/IMG_20220509_122814.jpg 2080w, https:\/\/agora.xtec.cat\/escolabacdecerdanya\/wp-content\/uploads\/usu1753\/2022\/05\/IMG_20220509_122814-300x225.jpg 300w, https:\/\/agora.xtec.cat\/escolabacdecerdanya\/wp-content\/uploads\/usu1753\/2022\/05\/IMG_20220509_122814-1024x768.jpg 1024w, https:\/\/agora.xtec.cat\/escolabacdecerdanya\/wp-content\/uploads\/usu1753\/2022\/05\/IMG_20220509_122814-768x576.jpg 768w, https:\/\/agora.xtec.cat\/escolabacdecerdanya\/wp-content\/uploads\/usu1753\/2022\/05\/IMG_20220509_122814-1536x1152.jpg 1536w, https:\/\/agora.xtec.cat\/escolabacdecerdanya\/wp-content\/uploads\/usu1753\/2022\/05\/IMG_20220509_122814-2048x1536.jpg 2048w, https:\/\/agora.xtec.cat\/escolabacdecerdanya\/wp-content\/uploads\/usu1753\/2022\/05\/IMG_20220509_122814-200x150.jpg 200w\" sizes=\"auto, (max-width: 2080px) 100vw, 2080px\" \/><\/a><\/p>\n","protected":false},"excerpt":{"rendered":"<p>Aquesta setmana visita l&#8217;escola la Lily Brick, una artista de renom internacional que pinta murals a les parets dels edificis. Durant tota la setmana anir\u00e0 pintant una paret del pati on hi realitzar\u00e0 un mural dedicat als 50 anys de l&#8217;Escola.<br \/>\nSi voleu con\u00e8ixer m\u00e9s de&hellip;  <a href=\"https:\/\/agora.xtec.cat\/escolabacdecerdanya\/general\/lily-brick\/\" title=\"Read Lily Brick\">Llegeix m\u00e9s\u00bb<\/a><\/p>\n","protected":false},"author":1,"featured_media":4647,"comment_status":"open","ping_status":"closed","sticky":false,"template":"","format":"standard","meta":{"_bbp_topic_count":0,"_bbp_reply_count":0,"_bbp_total_topic_count":0,"_bbp_total_reply_count":0,"_bbp_voice_count":0,"_bbp_anonymous_reply_count":0,"_bbp_topic_count_hidden":0,"_bbp_reply_count_hidden":0,"_bbp_forum_subforum_count":0,"footnotes":""},"categories":[233,161,1,61,83,4],"tags":[],"class_list":["post-4646","post","type-post","status-publish","format-standard","has-post-thumbnail","hentry","category-50-anys-escola","category-festes","category-general","category-novetats","category-pati","category-portada"],"post_mailing_queue_ids":[],"_links":{"self":[{"href":"https:\/\/agora.xtec.cat\/escolabacdecerdanya\/wp-json\/wp\/v2\/posts\/4646","targetHints":{"allow":["GET"]}}],"collection":[{"href":"https:\/\/agora.xtec.cat\/escolabacdecerdanya\/wp-json\/wp\/v2\/posts"}],"about":[{"href":"https:\/\/agora.xtec.cat\/escolabacdecerdanya\/wp-json\/wp\/v2\/types\/post"}],"author":[{"embeddable":true,"href":"https:\/\/agora.xtec.cat\/escolabacdecerdanya\/wp-json\/wp\/v2\/users\/1"}],"replies":[{"embeddable":true,"href":"https:\/\/agora.xtec.cat\/escolabacdecerdanya\/wp-json\/wp\/v2\/comments?post=4646"}],"version-history":[{"count":1,"href":"https:\/\/agora.xtec.cat\/escolabacdecerdanya\/wp-json\/wp\/v2\/posts\/4646\/revisions"}],"predecessor-version":[{"id":4648,"href":"https:\/\/agora.xtec.cat\/escolabacdecerdanya\/wp-json\/wp\/v2\/posts\/4646\/revisions\/4648"}],"wp:featuredmedia":[{"embeddable":true,"href":"https:\/\/agora.xtec.cat\/escolabacdecerdanya\/wp-json\/wp\/v2\/media\/4647"}],"wp:attachment":[{"href":"https:\/\/agora.xtec.cat\/escolabacdecerdanya\/wp-json\/wp\/v2\/media?parent=4646"}],"wp:term":[{"taxonomy":"category","embeddable":true,"href":"https:\/\/agora.xtec.cat\/escolabacdecerdanya\/wp-json\/wp\/v2\/categories?post=4646"},{"taxonomy":"post_tag","embeddable":true,"href":"https:\/\/agora.xtec.cat\/escolabacdecerdanya\/wp-json\/wp\/v2\/tags?post=4646"}],"curies":[{"name":"wp","href":"https:\/\/api.w.org\/{rel}","templated":true}]}}