{"id":4629,"date":"2022-05-03T11:46:58","date_gmt":"2022-05-03T09:46:58","guid":{"rendered":"https:\/\/agora.xtec.cat\/escolabacdecerdanya\/?p=4629"},"modified":"2022-05-03T11:46:58","modified_gmt":"2022-05-03T09:46:58","slug":"cantania-2022","status":"publish","type":"post","link":"https:\/\/agora.xtec.cat\/escolabacdecerdanya\/general\/cantania-2022\/","title":{"rendered":"CANT\u00c0NIA 2022"},"content":{"rendered":"<p>Ahir els nens i nenes de 5\u00e8 i 6\u00e8 vam actuar a la Sala gran de l&#8217;Auditori de Barcelona! \ud83d\ude02<\/p>\n<p><a href=\"https:\/\/agora.xtec.cat\/escolabacdecerdanya\/wp-content\/uploads\/usu1753\/2022\/05\/auditori-bo.jpg\"><img loading=\"lazy\" decoding=\"async\" class=\"wp-image-4631 alignleft\" src=\"https:\/\/agora.xtec.cat\/escolabacdecerdanya\/wp-content\/uploads\/usu1753\/2022\/05\/auditori-bo-1024x1024.jpg\" alt=\"\" width=\"238\" height=\"238\" srcset=\"https:\/\/agora.xtec.cat\/escolabacdecerdanya\/wp-content\/uploads\/usu1753\/2022\/05\/auditori-bo-1024x1024.jpg 1024w, https:\/\/agora.xtec.cat\/escolabacdecerdanya\/wp-content\/uploads\/usu1753\/2022\/05\/auditori-bo-300x300.jpg 300w, https:\/\/agora.xtec.cat\/escolabacdecerdanya\/wp-content\/uploads\/usu1753\/2022\/05\/auditori-bo-150x150.jpg 150w, https:\/\/agora.xtec.cat\/escolabacdecerdanya\/wp-content\/uploads\/usu1753\/2022\/05\/auditori-bo-768x768.jpg 768w, https:\/\/agora.xtec.cat\/escolabacdecerdanya\/wp-content\/uploads\/usu1753\/2022\/05\/auditori-bo-1536x1536.jpg 1536w, https:\/\/agora.xtec.cat\/escolabacdecerdanya\/wp-content\/uploads\/usu1753\/2022\/05\/auditori-bo.jpg 2048w\" sizes=\"auto, (max-width: 238px) 100vw, 238px\" \/><\/a>Portem mesos assajant el repertori de la cantata &#8220;Clara, l&#8217;art per dins&#8221; i finalment vam fer el concert amb uns 800 alumnes d&#8217;altres escoles de Catalunya com nosaltres. Va ser una experi\u00e8ncia que recordarem sempre; m\u00fasics professionals en directe, dues solistes sopranos i nosaltres cantant el repertori a 4 veus! El p\u00fablic, les nostres fam\u00edlies, molt entregat! Quan vam acabar el concert ens vam trobar a la sortida i va ser un moment molt emocionant.<a href=\"https:\/\/agora.xtec.cat\/escolabacdecerdanya\/wp-content\/uploads\/usu1753\/2022\/05\/museu-scaled.jpg\"><img loading=\"lazy\" decoding=\"async\" class=\"wp-image-4630 alignright\" src=\"https:\/\/agora.xtec.cat\/escolabacdecerdanya\/wp-content\/uploads\/usu1753\/2022\/05\/museu-1024x1024.jpg\" alt=\"\" width=\"190\" height=\"190\" srcset=\"https:\/\/agora.xtec.cat\/escolabacdecerdanya\/wp-content\/uploads\/usu1753\/2022\/05\/museu-1024x1024.jpg 1024w, https:\/\/agora.xtec.cat\/escolabacdecerdanya\/wp-content\/uploads\/usu1753\/2022\/05\/museu-300x300.jpg 300w, https:\/\/agora.xtec.cat\/escolabacdecerdanya\/wp-content\/uploads\/usu1753\/2022\/05\/museu-150x150.jpg 150w, https:\/\/agora.xtec.cat\/escolabacdecerdanya\/wp-content\/uploads\/usu1753\/2022\/05\/museu-768x768.jpg 768w, https:\/\/agora.xtec.cat\/escolabacdecerdanya\/wp-content\/uploads\/usu1753\/2022\/05\/museu-1536x1536.jpg 1536w, https:\/\/agora.xtec.cat\/escolabacdecerdanya\/wp-content\/uploads\/usu1753\/2022\/05\/museu-2048x2048.jpg 2048w\" sizes=\"auto, (max-width: 190px) 100vw, 190px\" \/><\/a><\/p>\n<p>Despr\u00e9s vam acabar d&#8217;arrodonir el dia a Barcelona: vam anar a dinar al Marem\u00e0gnum i, tot passejant per la Rambla, ens vam arribar al Big Fun Museum on hi havia sales d&#8217;exposici\u00f3 molt sorprenents com habitacions cap per avall, un passad\u00eds del terror, dol\u00e7os gegants, piscina de boles i un munt d&#8217;altres coses sorprenents.<\/p>\n<p>Si voleu veure les imatges i v\u00eddeos del dia cliqueu <a href=\"https:\/\/photos.app.goo.gl\/DEcQq7ygKqv2egGCA\">aqu\u00ed <\/a>!<\/p>\n","protected":false},"excerpt":{"rendered":"<p>Ahir els nens i nenes de 5\u00e8 i 6\u00e8 vam actuar a la Sala gran de l&#8217;Auditori de Barcelona! \ud83d\ude02<br \/>\n<a href=\"https:\/\/agora.xtec.cat\/escolabacdecerdanya\/wp-content\/uploads\/usu1753\/2022\/05\/auditori-bo.jpg\"><\/a>Portem mesos assajant el repertori de la cantata &#8220;Clara, l&#8217;art per dins&#8221; i finalment vam fer el concert amb uns 800 alumnes d&#8217;altres escoles de&hellip;  <a href=\"https:\/\/agora.xtec.cat\/escolabacdecerdanya\/general\/cantania-2022\/\" title=\"Read CANT\u00c0NIA 2022\">Llegeix m\u00e9s\u00bb<\/a><\/p>\n","protected":false},"author":8,"featured_media":4631,"comment_status":"open","ping_status":"closed","sticky":false,"template":"","format":"standard","meta":{"_bbp_topic_count":0,"_bbp_reply_count":0,"_bbp_total_topic_count":0,"_bbp_total_reply_count":0,"_bbp_voice_count":0,"_bbp_anonymous_reply_count":0,"_bbp_topic_count_hidden":0,"_bbp_reply_count_hidden":0,"_bbp_forum_subforum_count":0,"footnotes":""},"categories":[14,15,76,1,121,61,4,86],"tags":[],"class_list":["post-4629","post","type-post","status-publish","format-standard","has-post-thumbnail","hentry","category-5e","category-6e","category-cicle-superior","category-general","category-musica","category-novetats","category-portada","category-sortida"],"post_mailing_queue_ids":[],"_links":{"self":[{"href":"https:\/\/agora.xtec.cat\/escolabacdecerdanya\/wp-json\/wp\/v2\/posts\/4629","targetHints":{"allow":["GET"]}}],"collection":[{"href":"https:\/\/agora.xtec.cat\/escolabacdecerdanya\/wp-json\/wp\/v2\/posts"}],"about":[{"href":"https:\/\/agora.xtec.cat\/escolabacdecerdanya\/wp-json\/wp\/v2\/types\/post"}],"author":[{"embeddable":true,"href":"https:\/\/agora.xtec.cat\/escolabacdecerdanya\/wp-json\/wp\/v2\/users\/8"}],"replies":[{"embeddable":true,"href":"https:\/\/agora.xtec.cat\/escolabacdecerdanya\/wp-json\/wp\/v2\/comments?post=4629"}],"version-history":[{"count":1,"href":"https:\/\/agora.xtec.cat\/escolabacdecerdanya\/wp-json\/wp\/v2\/posts\/4629\/revisions"}],"predecessor-version":[{"id":4632,"href":"https:\/\/agora.xtec.cat\/escolabacdecerdanya\/wp-json\/wp\/v2\/posts\/4629\/revisions\/4632"}],"wp:featuredmedia":[{"embeddable":true,"href":"https:\/\/agora.xtec.cat\/escolabacdecerdanya\/wp-json\/wp\/v2\/media\/4631"}],"wp:attachment":[{"href":"https:\/\/agora.xtec.cat\/escolabacdecerdanya\/wp-json\/wp\/v2\/media?parent=4629"}],"wp:term":[{"taxonomy":"category","embeddable":true,"href":"https:\/\/agora.xtec.cat\/escolabacdecerdanya\/wp-json\/wp\/v2\/categories?post=4629"},{"taxonomy":"post_tag","embeddable":true,"href":"https:\/\/agora.xtec.cat\/escolabacdecerdanya\/wp-json\/wp\/v2\/tags?post=4629"}],"curies":[{"name":"wp","href":"https:\/\/api.w.org\/{rel}","templated":true}]}}