{"id":4617,"date":"2022-04-26T11:43:09","date_gmt":"2022-04-26T09:43:09","guid":{"rendered":"https:\/\/agora.xtec.cat\/escolabacdecerdanya\/?p=4617"},"modified":"2022-04-26T11:43:09","modified_gmt":"2022-04-26T09:43:09","slug":"sant-jordi-remullat","status":"publish","type":"post","link":"https:\/\/agora.xtec.cat\/escolabacdecerdanya\/general\/sant-jordi-remullat\/","title":{"rendered":"Sant Jordi remullat!"},"content":{"rendered":"<p>Dissabte passat vam celebrar la Diada de Sant Jordi al poble d&#8217;Alp.<\/p>\n<p>Com cada any l&#8217;AMPA de l&#8217;escola va organitzar una parada de llibres i els nens i nenes de 6\u00e8 la parada de roses, pastissos i manualitats.<a href=\"https:\/\/photos.app.goo.gl\/UfReyDzCLeSrijdc6\"><img loading=\"lazy\" decoding=\"async\" class=\"alignright wp-image-4618 size-medium\" src=\"https:\/\/agora.xtec.cat\/escolabacdecerdanya\/wp-content\/uploads\/usu1753\/2022\/04\/20220423_092813-300x300.jpg\" alt=\"\" width=\"300\" height=\"300\" srcset=\"https:\/\/agora.xtec.cat\/escolabacdecerdanya\/wp-content\/uploads\/usu1753\/2022\/04\/20220423_092813-300x300.jpg 300w, https:\/\/agora.xtec.cat\/escolabacdecerdanya\/wp-content\/uploads\/usu1753\/2022\/04\/20220423_092813-1024x1024.jpg 1024w, https:\/\/agora.xtec.cat\/escolabacdecerdanya\/wp-content\/uploads\/usu1753\/2022\/04\/20220423_092813-150x150.jpg 150w, https:\/\/agora.xtec.cat\/escolabacdecerdanya\/wp-content\/uploads\/usu1753\/2022\/04\/20220423_092813-768x768.jpg 768w, https:\/\/agora.xtec.cat\/escolabacdecerdanya\/wp-content\/uploads\/usu1753\/2022\/04\/20220423_092813-1536x1536.jpg 1536w, https:\/\/agora.xtec.cat\/escolabacdecerdanya\/wp-content\/uploads\/usu1753\/2022\/04\/20220423_092813-2048x2048.jpg 2048w\" sizes=\"auto, (max-width: 300px) 100vw, 300px\" \/><\/a><\/p>\n<p>Les inclem\u00e8ncies del temps no van impedir que sortissim al carrer a celebrar la nostra diada per\u00f2 si que ens van obligar a adaptar les nostres parades perqu\u00e8 no es mullessin els llibres i per poder vendre a m\u00e9s gent.<\/p>\n<p><strong>Des de l&#8217;escola aprofitem per felicitar a totes les fam\u00edlies que van col\u00b7laborar en l&#8217;organitzaci\u00f3 de les parades tot i el mal temps<\/strong>.<\/p>\n<p><a href=\"https:\/\/agora.xtec.cat\/escolabacdecerdanya\/wp-content\/uploads\/usu1753\/2022\/04\/20220423_194247-scaled.jpg\"><img loading=\"lazy\" decoding=\"async\" class=\"alignleft wp-image-4619 size-medium\" src=\"https:\/\/agora.xtec.cat\/escolabacdecerdanya\/wp-content\/uploads\/usu1753\/2022\/04\/20220423_194247-300x300.jpg\" alt=\"\" width=\"300\" height=\"300\" srcset=\"https:\/\/agora.xtec.cat\/escolabacdecerdanya\/wp-content\/uploads\/usu1753\/2022\/04\/20220423_194247-300x300.jpg 300w, https:\/\/agora.xtec.cat\/escolabacdecerdanya\/wp-content\/uploads\/usu1753\/2022\/04\/20220423_194247-1024x1024.jpg 1024w, https:\/\/agora.xtec.cat\/escolabacdecerdanya\/wp-content\/uploads\/usu1753\/2022\/04\/20220423_194247-150x150.jpg 150w, https:\/\/agora.xtec.cat\/escolabacdecerdanya\/wp-content\/uploads\/usu1753\/2022\/04\/20220423_194247-768x768.jpg 768w, https:\/\/agora.xtec.cat\/escolabacdecerdanya\/wp-content\/uploads\/usu1753\/2022\/04\/20220423_194247-1536x1536.jpg 1536w, https:\/\/agora.xtec.cat\/escolabacdecerdanya\/wp-content\/uploads\/usu1753\/2022\/04\/20220423_194247-2048x2048.jpg 2048w\" sizes=\"auto, (max-width: 300px) 100vw, 300px\" \/><\/a>Tamb\u00e9 volem fer una <strong>menci\u00f3 especial als alumnes de 6\u00e8<\/strong> que van aconseguir, entre altres coses, vendre TOTES les roses de la parada de l&#8217;escola. Com cada any <strong>els diners recollits amb la venda de les roses es destinaran a abaratir les col\u00f2nies de toooooooots els nens i nenes de l&#8217;escola<\/strong>.<\/p>\n<p>Un agra\u00efment especial a totes les fam\u00edlies de l&#8217;escola, i dels nostres pobles en general, que vau fer l&#8217;esfor\u00e7 de venir a les nostres parades a comprar algun llibre, rosa, manualitat, past\u00eds&#8230; amb aquest gest donem valor a la feina de les persones que ho han fet possible i demostrem, una vegada m\u00e9s, que l&#8217;escola som tots!<\/p>\n<p>A la tarda es va celebrar l&#8217;entrega de premis dels <strong>Jocs Florals de Cerdanya<\/strong> al Casino d&#8217;Alp. Els nens i nenes de l&#8217;escola hi vam participar i estem molt contents d&#8217;anunciar-vos que <strong>tres companys nostres van ser dels guanyadors: el Miquel Ortiz de 1r, el Mart\u00ed Espin\u00f3s de 2n i el Marc Secara de 4t<\/strong>.<\/p>\n<p>Si voleu veure m\u00e9s imatges d&#8217;aquest dia cliqueu la imatge de 6\u00e8!<\/p>\n<p>&nbsp;<\/p>\n<p>&nbsp;<\/p>\n<p>&nbsp;<\/p>\n","protected":false},"excerpt":{"rendered":"<p>Dissabte passat vam celebrar la Diada de Sant Jordi al poble d&#8217;Alp.<br \/>\nCom cada any l&#8217;AMPA de l&#8217;escola va organitzar una parada de llibres i els nens i nenes de 6\u00e8 la parada de roses, pastissos i manualitats.<a href=\"https:\/\/photos.app.goo.gl\/UfReyDzCLeSrijdc6\"><\/a><br \/>\nLes inclem\u00e8ncies del temps no van impedir que&hellip;  <a href=\"https:\/\/agora.xtec.cat\/escolabacdecerdanya\/general\/sant-jordi-remullat\/\" title=\"Read Sant Jordi remullat!\">Llegeix m\u00e9s\u00bb<\/a><\/p>\n","protected":false},"author":8,"featured_media":4618,"comment_status":"open","ping_status":"closed","sticky":false,"template":"","format":"standard","meta":{"_bbp_topic_count":0,"_bbp_reply_count":0,"_bbp_total_topic_count":0,"_bbp_total_reply_count":0,"_bbp_voice_count":0,"_bbp_anonymous_reply_count":0,"_bbp_topic_count_hidden":0,"_bbp_reply_count_hidden":0,"_bbp_forum_subforum_count":0,"footnotes":""},"categories":[7,104,105,76,91,103,60,161,1,90,61,4,92],"tags":[],"class_list":["post-4617","post","type-post","status-publish","format-standard","has-post-thumbnail","hentry","category-ampa","category-inicial","category-mitja","category-cicle-superior","category-concurs","category-infantil-2","category-families","category-festes","category-general","category-jocs-florals","category-novetats","category-portada","category-sant-jordi"],"post_mailing_queue_ids":[],"_links":{"self":[{"href":"https:\/\/agora.xtec.cat\/escolabacdecerdanya\/wp-json\/wp\/v2\/posts\/4617","targetHints":{"allow":["GET"]}}],"collection":[{"href":"https:\/\/agora.xtec.cat\/escolabacdecerdanya\/wp-json\/wp\/v2\/posts"}],"about":[{"href":"https:\/\/agora.xtec.cat\/escolabacdecerdanya\/wp-json\/wp\/v2\/types\/post"}],"author":[{"embeddable":true,"href":"https:\/\/agora.xtec.cat\/escolabacdecerdanya\/wp-json\/wp\/v2\/users\/8"}],"replies":[{"embeddable":true,"href":"https:\/\/agora.xtec.cat\/escolabacdecerdanya\/wp-json\/wp\/v2\/comments?post=4617"}],"version-history":[{"count":1,"href":"https:\/\/agora.xtec.cat\/escolabacdecerdanya\/wp-json\/wp\/v2\/posts\/4617\/revisions"}],"predecessor-version":[{"id":4620,"href":"https:\/\/agora.xtec.cat\/escolabacdecerdanya\/wp-json\/wp\/v2\/posts\/4617\/revisions\/4620"}],"wp:featuredmedia":[{"embeddable":true,"href":"https:\/\/agora.xtec.cat\/escolabacdecerdanya\/wp-json\/wp\/v2\/media\/4618"}],"wp:attachment":[{"href":"https:\/\/agora.xtec.cat\/escolabacdecerdanya\/wp-json\/wp\/v2\/media?parent=4617"}],"wp:term":[{"taxonomy":"category","embeddable":true,"href":"https:\/\/agora.xtec.cat\/escolabacdecerdanya\/wp-json\/wp\/v2\/categories?post=4617"},{"taxonomy":"post_tag","embeddable":true,"href":"https:\/\/agora.xtec.cat\/escolabacdecerdanya\/wp-json\/wp\/v2\/tags?post=4617"}],"curies":[{"name":"wp","href":"https:\/\/api.w.org\/{rel}","templated":true}]}}