{"id":4582,"date":"2022-04-11T13:41:43","date_gmt":"2022-04-11T11:41:43","guid":{"rendered":"https:\/\/agora.xtec.cat\/escolabacdecerdanya\/?p=4582"},"modified":"2022-04-11T13:42:25","modified_gmt":"2022-04-11T11:42:25","slug":"trobada-escola-de-mallorca","status":"publish","type":"post","link":"https:\/\/agora.xtec.cat\/escolabacdecerdanya\/general\/trobada-escola-de-mallorca\/","title":{"rendered":"TROBADA ESCOLA DE MALLORCA"},"content":{"rendered":"<p style=\"text-align: center\">El divendres 25 de mar\u00e7 vam tenir la visita dels nens i les nenes de l&#8217;escola Puig de na F\u00e0tima de Puigpunyent (Mallorca). Ja fa mesos que els alumnes de 6\u00e8 d&#8217;aquesta escola van contactar amb nosaltres perqu\u00e8 estaven treballant els diferents dialectes del catal\u00e0 i tamb\u00e9 perqu\u00e8 volien venir a fer una setmana blanca a la nostra comarca. A partir d&#8217;aqu\u00ed vam preparar uns presentacions per tal de con\u00e8ixer-nos i vam preparar pel dia de la trobada l\u00e8xic espec\u00edfic de cada dialecte, frases fetes i imatges de menjars tradicional de la zona. Aqu\u00ed podeu veure les imatges de la trobada al nostre pati, s&#8217;ho van passar molt b\u00e9 i l&#8217;estona se&#8217;ls va fer curta!<\/p>\n<p style=\"text-align: center\"><a href=\"https:\/\/photos.app.goo.gl\/kujkoGGHpy43h3as7\"><img loading=\"lazy\" decoding=\"async\" class=\"alignnone size-full wp-image-4583\" src=\"https:\/\/agora.xtec.cat\/escolabacdecerdanya\/wp-content\/uploads\/usu1753\/2022\/04\/foto-mallorca2.jpg\" alt=\"\" width=\"457\" height=\"457\" srcset=\"https:\/\/agora.xtec.cat\/escolabacdecerdanya\/wp-content\/uploads\/usu1753\/2022\/04\/foto-mallorca2.jpg 457w, https:\/\/agora.xtec.cat\/escolabacdecerdanya\/wp-content\/uploads\/usu1753\/2022\/04\/foto-mallorca2-300x300.jpg 300w, https:\/\/agora.xtec.cat\/escolabacdecerdanya\/wp-content\/uploads\/usu1753\/2022\/04\/foto-mallorca2-150x150.jpg 150w\" sizes=\"auto, (max-width: 457px) 100vw, 457px\" \/><\/a><\/p>\n","protected":false},"excerpt":{"rendered":"<p>El divendres 25 de mar\u00e7 vam tenir la visita dels nens i les nenes de l&#8217;escola Puig de na F\u00e0tima de Puigpunyent (Mallorca). Ja fa mesos que els alumnes de 6\u00e8 d&#8217;aquesta escola van contactar amb nosaltres perqu\u00e8 estaven treballant els diferents dialectes del catal\u00e0&hellip;  <a href=\"https:\/\/agora.xtec.cat\/escolabacdecerdanya\/general\/trobada-escola-de-mallorca\/\" title=\"Read TROBADA ESCOLA DE MALLORCA\">Llegeix m\u00e9s\u00bb<\/a><\/p>\n","protected":false},"author":27,"featured_media":4583,"comment_status":"open","ping_status":"closed","sticky":false,"template":"","format":"standard","meta":{"_bbp_topic_count":0,"_bbp_reply_count":0,"_bbp_total_topic_count":0,"_bbp_total_reply_count":0,"_bbp_voice_count":0,"_bbp_anonymous_reply_count":0,"_bbp_topic_count_hidden":0,"_bbp_reply_count_hidden":0,"_bbp_forum_subforum_count":0,"footnotes":""},"categories":[15,76,1,4],"tags":[],"class_list":["post-4582","post","type-post","status-publish","format-standard","has-post-thumbnail","hentry","category-6e","category-cicle-superior","category-general","category-portada"],"post_mailing_queue_ids":[],"_links":{"self":[{"href":"https:\/\/agora.xtec.cat\/escolabacdecerdanya\/wp-json\/wp\/v2\/posts\/4582","targetHints":{"allow":["GET"]}}],"collection":[{"href":"https:\/\/agora.xtec.cat\/escolabacdecerdanya\/wp-json\/wp\/v2\/posts"}],"about":[{"href":"https:\/\/agora.xtec.cat\/escolabacdecerdanya\/wp-json\/wp\/v2\/types\/post"}],"author":[{"embeddable":true,"href":"https:\/\/agora.xtec.cat\/escolabacdecerdanya\/wp-json\/wp\/v2\/users\/27"}],"replies":[{"embeddable":true,"href":"https:\/\/agora.xtec.cat\/escolabacdecerdanya\/wp-json\/wp\/v2\/comments?post=4582"}],"version-history":[{"count":2,"href":"https:\/\/agora.xtec.cat\/escolabacdecerdanya\/wp-json\/wp\/v2\/posts\/4582\/revisions"}],"predecessor-version":[{"id":4585,"href":"https:\/\/agora.xtec.cat\/escolabacdecerdanya\/wp-json\/wp\/v2\/posts\/4582\/revisions\/4585"}],"wp:featuredmedia":[{"embeddable":true,"href":"https:\/\/agora.xtec.cat\/escolabacdecerdanya\/wp-json\/wp\/v2\/media\/4583"}],"wp:attachment":[{"href":"https:\/\/agora.xtec.cat\/escolabacdecerdanya\/wp-json\/wp\/v2\/media?parent=4582"}],"wp:term":[{"taxonomy":"category","embeddable":true,"href":"https:\/\/agora.xtec.cat\/escolabacdecerdanya\/wp-json\/wp\/v2\/categories?post=4582"},{"taxonomy":"post_tag","embeddable":true,"href":"https:\/\/agora.xtec.cat\/escolabacdecerdanya\/wp-json\/wp\/v2\/tags?post=4582"}],"curies":[{"name":"wp","href":"https:\/\/api.w.org\/{rel}","templated":true}]}}