{"id":4573,"date":"2022-04-08T21:19:11","date_gmt":"2022-04-08T19:19:11","guid":{"rendered":"https:\/\/agora.xtec.cat\/escolabacdecerdanya\/?p=4573"},"modified":"2022-04-08T21:19:11","modified_gmt":"2022-04-08T19:19:11","slug":"fotografies-2n-trimestre-cm","status":"publish","type":"post","link":"https:\/\/agora.xtec.cat\/escolabacdecerdanya\/general\/fotografies-2n-trimestre-cm\/","title":{"rendered":"Fotografies 2n trimestre CM"},"content":{"rendered":"<p>Ja fa unes setmanes que vam acabar el 2n trimestre, per\u00f2 ara que ja han arribat les vacances es nota m\u00e9s aquest canvi. Durant aquests mesos hem comen\u00e7at a preparar l&#8217;hort, hem tingut les festes de Carnestoltes, hem fet v\u00e0ries activitats de pl\u00e0stica i Educaci\u00f3 F\u00edsica, i hem treballat amb tauletes, robots i amb llibres.<\/p>\n<p>Esperem que descanseu i gaudiu d&#8217;aquesta setmana de vacances per encarar l&#8217;\u00faltima recta final al curs.<\/p>\n<p>Bones vacances!<\/p>\n<p style=\"text-align: center\"><a href=\"https:\/\/photos.app.goo.gl\/iF6dFTcxiA7WAmJ88\">https:\/\/photos.app.goo.gl\/iF6dFTcxiA7WAmJ88<\/a><\/p>\n<p><img decoding=\"async\" class=\"aligncenter\" src=\"https:\/\/lh3.googleusercontent.com\/pw\/AM-JKLWV8p-khwldPg6opcHq8ML7tDA34J6OqEUDRpdEijGJ5a-kYwILARArzqZzSsL8x5TfftcUuVbmE-cJrZGG8_YQOVL0olqIopqVvFWhEdTzjnPz3n5_aqsIyXDlh5dnsackGTMS5AzVg-oIQKSKn2Xo0Q=w1218-h914-no?authuser=1\" \/><\/p>\n","protected":false},"excerpt":{"rendered":"<p>Ja fa unes setmanes que vam acabar el 2n trimestre, per\u00f2 ara que ja han arribat les vacances es nota m\u00e9s aquest canvi. Durant aquests mesos hem comen\u00e7at a preparar l&#8217;hort, hem tingut les festes de Carnestoltes, hem fet v\u00e0ries activitats de pl\u00e0stica i Educaci\u00f3&hellip;  <a href=\"https:\/\/agora.xtec.cat\/escolabacdecerdanya\/general\/fotografies-2n-trimestre-cm\/\" title=\"Read Fotografies 2n trimestre CM\">Llegeix m\u00e9s\u00bb<\/a><\/p>\n","protected":false},"author":32,"featured_media":4574,"comment_status":"open","ping_status":"closed","sticky":false,"template":"","format":"standard","meta":{"_bbp_topic_count":0,"_bbp_reply_count":0,"_bbp_total_topic_count":0,"_bbp_total_reply_count":0,"_bbp_voice_count":0,"_bbp_anonymous_reply_count":0,"_bbp_topic_count_hidden":0,"_bbp_reply_count_hidden":0,"_bbp_forum_subforum_count":0,"footnotes":""},"categories":[12,13,105,1,4],"tags":[],"class_list":["post-4573","post","type-post","status-publish","format-standard","has-post-thumbnail","hentry","category-3r","category-4t","category-mitja","category-general","category-portada"],"post_mailing_queue_ids":[],"_links":{"self":[{"href":"https:\/\/agora.xtec.cat\/escolabacdecerdanya\/wp-json\/wp\/v2\/posts\/4573","targetHints":{"allow":["GET"]}}],"collection":[{"href":"https:\/\/agora.xtec.cat\/escolabacdecerdanya\/wp-json\/wp\/v2\/posts"}],"about":[{"href":"https:\/\/agora.xtec.cat\/escolabacdecerdanya\/wp-json\/wp\/v2\/types\/post"}],"author":[{"embeddable":true,"href":"https:\/\/agora.xtec.cat\/escolabacdecerdanya\/wp-json\/wp\/v2\/users\/32"}],"replies":[{"embeddable":true,"href":"https:\/\/agora.xtec.cat\/escolabacdecerdanya\/wp-json\/wp\/v2\/comments?post=4573"}],"version-history":[{"count":1,"href":"https:\/\/agora.xtec.cat\/escolabacdecerdanya\/wp-json\/wp\/v2\/posts\/4573\/revisions"}],"predecessor-version":[{"id":4575,"href":"https:\/\/agora.xtec.cat\/escolabacdecerdanya\/wp-json\/wp\/v2\/posts\/4573\/revisions\/4575"}],"wp:featuredmedia":[{"embeddable":true,"href":"https:\/\/agora.xtec.cat\/escolabacdecerdanya\/wp-json\/wp\/v2\/media\/4574"}],"wp:attachment":[{"href":"https:\/\/agora.xtec.cat\/escolabacdecerdanya\/wp-json\/wp\/v2\/media?parent=4573"}],"wp:term":[{"taxonomy":"category","embeddable":true,"href":"https:\/\/agora.xtec.cat\/escolabacdecerdanya\/wp-json\/wp\/v2\/categories?post=4573"},{"taxonomy":"post_tag","embeddable":true,"href":"https:\/\/agora.xtec.cat\/escolabacdecerdanya\/wp-json\/wp\/v2\/tags?post=4573"}],"curies":[{"name":"wp","href":"https:\/\/api.w.org\/{rel}","templated":true}]}}