{"id":4548,"date":"2022-03-31T13:48:57","date_gmt":"2022-03-31T11:48:57","guid":{"rendered":"https:\/\/agora.xtec.cat\/escolabacdecerdanya\/?p=4548"},"modified":"2022-03-31T13:59:16","modified_gmt":"2022-03-31T11:59:16","slug":"poisson-davril","status":"publish","type":"post","link":"https:\/\/agora.xtec.cat\/escolabacdecerdanya\/general\/poisson-davril\/","title":{"rendered":"POISSON D&#8217;AVRIL !"},"content":{"rendered":"<div style=\"width: 100%\">\n<div>\n<p>Le 1er avril c&#8217;est le poisson d&#8217;avril en France. La prof a fait une blague \u00e0 ses \u00e9l\u00e8ves du cycle moyen. Je me suis bien rigol\u00e9e avec eux, jajajajaja!<\/p>\n<p>(l&#8217;1 d&#8217;avril \u00e9s &#8220;el poisson d&#8217;avril&#8221; a Fran\u00e7a, la mestra ha fet una broma als seus alumnes de cicle mitj\u00e0. Ens hem rigut molt, jajajajaja!)<\/p>\n<\/div>\n<div><\/div>\n<div><\/div>\n<\/div>\n<div><a href=\"https:\/\/view.genial.ly\/6242fe9c09df7e00112635fd\/presentation-poisson-davril\"><img loading=\"lazy\" decoding=\"async\" class=\"alignnone wp-image-4560\" src=\"https:\/\/agora.xtec.cat\/escolabacdecerdanya\/wp-content\/uploads\/usu1753\/2022\/03\/Captura-61.png\" alt=\"\" width=\"722\" height=\"385\" srcset=\"https:\/\/agora.xtec.cat\/escolabacdecerdanya\/wp-content\/uploads\/usu1753\/2022\/03\/Captura-61.png 743w, https:\/\/agora.xtec.cat\/escolabacdecerdanya\/wp-content\/uploads\/usu1753\/2022\/03\/Captura-61-300x160.png 300w\" sizes=\"auto, (max-width: 722px) 100vw, 722px\" \/><\/a><\/div>\n<div><\/div>\n<div><\/div>\n<div><\/div>\n<div><\/div>\n<div><\/div>\n<div><\/div>\n<div><\/div>\n","protected":false},"excerpt":{"rendered":"<p>Le 1er avril c&#8217;est le poisson d&#8217;avril en France. La prof a fait une blague \u00e0 ses \u00e9l\u00e8ves du cycle moyen. Je me suis bien rigol\u00e9e avec eux, jajajajaja!<br \/>\n(l&#8217;1 d&#8217;avril \u00e9s &#8220;el poisson d&#8217;avril&#8221; a Fran\u00e7a, la mestra ha fet una broma als seus alumnes&hellip;  <a href=\"https:\/\/agora.xtec.cat\/escolabacdecerdanya\/general\/poisson-davril\/\" title=\"Read POISSON D&#8217;AVRIL !\">Llegeix m\u00e9s\u00bb<\/a><\/p>\n","protected":false},"author":6,"featured_media":4560,"comment_status":"open","ping_status":"closed","sticky":false,"template":"","format":"standard","meta":{"_bbp_topic_count":0,"_bbp_reply_count":0,"_bbp_total_topic_count":0,"_bbp_total_reply_count":0,"_bbp_voice_count":0,"_bbp_anonymous_reply_count":0,"_bbp_topic_count_hidden":0,"_bbp_reply_count_hidden":0,"_bbp_forum_subforum_count":0,"footnotes":""},"categories":[12,13,105,156,1,162,61,4],"tags":[],"class_list":["post-4548","post","type-post","status-publish","format-standard","has-post-thumbnail","hentry","category-3r","category-4t","category-mitja","category-francais","category-general","category-llengues-estrangeres","category-novetats","category-portada"],"post_mailing_queue_ids":[],"_links":{"self":[{"href":"https:\/\/agora.xtec.cat\/escolabacdecerdanya\/wp-json\/wp\/v2\/posts\/4548","targetHints":{"allow":["GET"]}}],"collection":[{"href":"https:\/\/agora.xtec.cat\/escolabacdecerdanya\/wp-json\/wp\/v2\/posts"}],"about":[{"href":"https:\/\/agora.xtec.cat\/escolabacdecerdanya\/wp-json\/wp\/v2\/types\/post"}],"author":[{"embeddable":true,"href":"https:\/\/agora.xtec.cat\/escolabacdecerdanya\/wp-json\/wp\/v2\/users\/6"}],"replies":[{"embeddable":true,"href":"https:\/\/agora.xtec.cat\/escolabacdecerdanya\/wp-json\/wp\/v2\/comments?post=4548"}],"version-history":[{"count":3,"href":"https:\/\/agora.xtec.cat\/escolabacdecerdanya\/wp-json\/wp\/v2\/posts\/4548\/revisions"}],"predecessor-version":[{"id":4559,"href":"https:\/\/agora.xtec.cat\/escolabacdecerdanya\/wp-json\/wp\/v2\/posts\/4548\/revisions\/4559"}],"wp:featuredmedia":[{"embeddable":true,"href":"https:\/\/agora.xtec.cat\/escolabacdecerdanya\/wp-json\/wp\/v2\/media\/4560"}],"wp:attachment":[{"href":"https:\/\/agora.xtec.cat\/escolabacdecerdanya\/wp-json\/wp\/v2\/media?parent=4548"}],"wp:term":[{"taxonomy":"category","embeddable":true,"href":"https:\/\/agora.xtec.cat\/escolabacdecerdanya\/wp-json\/wp\/v2\/categories?post=4548"},{"taxonomy":"post_tag","embeddable":true,"href":"https:\/\/agora.xtec.cat\/escolabacdecerdanya\/wp-json\/wp\/v2\/tags?post=4548"}],"curies":[{"name":"wp","href":"https:\/\/api.w.org\/{rel}","templated":true}]}}