{"id":4532,"date":"2022-03-30T13:12:55","date_gmt":"2022-03-30T11:12:55","guid":{"rendered":"https:\/\/agora.xtec.cat\/escolabacdecerdanya\/?p=4532"},"modified":"2022-03-30T13:12:55","modified_gmt":"2022-03-30T11:12:55","slug":"descobrim-picasso-i-la-seva-epoca-blava-i-rosa","status":"publish","type":"post","link":"https:\/\/agora.xtec.cat\/escolabacdecerdanya\/general\/descobrim-picasso-i-la-seva-epoca-blava-i-rosa\/","title":{"rendered":"Descobrim PICASSO i la seva \u00e8poca blava i rosa"},"content":{"rendered":"<p>Seguim treballant Picasso a trav\u00e9s dels tallers de pl\u00e0stica i aquesta vegada hem descobert la seva \u00e8poca blava i rosa.<\/p>\n<p>Hem vist que a trav\u00e9s d&#8217;aquests colors, ell plasmava els seus sentiments. Mirant les pintures de la seva \u00e8poca blava hem vist que ren tristes i fredes. Les pintures de l&#8217;\u00e8poca rosa eren m\u00e9s alegres i familiars.<\/p>\n<p>L&#8217;\u00e8poca blava la va comen\u00e7ar amb la mort d&#8217;un bon amics seu, i l&#8217;\u00e8poca rosa quan es va enamorar i va viatjar a Par\u00eds.<\/p>\n<p>Nosaltres hem triat si voliem pintar amb tonalitats blaves o roses, i hem escollit la pintura de Picasso que m\u00e9s ens ha agradat. A partir d&#8217;aqu\u00ed, amb el negre i el blanc, hem comen\u00e7at a fer barreges per anar canviar les tonalitats dels colors.<\/p>\n<p>Aquestes s\u00f3n les 4 obres de Picasso que podiem escollit pintar:<\/p>\n<table style=\"border-collapse: collapse;width: 100%\">\n<tbody>\n<tr>\n<td style=\"width: 25%\"><a href=\"https:\/\/agora.xtec.cat\/escolabacdecerdanya\/wp-content\/uploads\/usu1753\/2022\/03\/baixa.jpg\"><img loading=\"lazy\" decoding=\"async\" class=\"alignnone size-full wp-image-4533\" src=\"https:\/\/agora.xtec.cat\/escolabacdecerdanya\/wp-content\/uploads\/usu1753\/2022\/03\/baixa.jpg\" alt=\"\" width=\"190\" height=\"265\" \/><\/a><\/td>\n<td style=\"width: 25%\"><a href=\"https:\/\/agora.xtec.cat\/escolabacdecerdanya\/wp-content\/uploads\/usu1753\/2022\/03\/musico-triste.jpg\"><img loading=\"lazy\" decoding=\"async\" class=\"alignnone size-full wp-image-4534\" src=\"https:\/\/agora.xtec.cat\/escolabacdecerdanya\/wp-content\/uploads\/usu1753\/2022\/03\/musico-triste.jpg\" alt=\"\" width=\"400\" height=\"600\" srcset=\"https:\/\/agora.xtec.cat\/escolabacdecerdanya\/wp-content\/uploads\/usu1753\/2022\/03\/musico-triste.jpg 400w, https:\/\/agora.xtec.cat\/escolabacdecerdanya\/wp-content\/uploads\/usu1753\/2022\/03\/musico-triste-200x300.jpg 200w\" sizes=\"auto, (max-width: 400px) 100vw, 400px\" \/><\/a><\/td>\n<td style=\"width: 25%\"><a href=\"https:\/\/agora.xtec.cat\/escolabacdecerdanya\/wp-content\/uploads\/usu1753\/2022\/03\/maternidad.jpg\"><img loading=\"lazy\" decoding=\"async\" class=\"alignnone size-full wp-image-4535\" src=\"https:\/\/agora.xtec.cat\/escolabacdecerdanya\/wp-content\/uploads\/usu1753\/2022\/03\/maternidad.jpg\" alt=\"\" width=\"345\" height=\"500\" srcset=\"https:\/\/agora.xtec.cat\/escolabacdecerdanya\/wp-content\/uploads\/usu1753\/2022\/03\/maternidad.jpg 345w, https:\/\/agora.xtec.cat\/escolabacdecerdanya\/wp-content\/uploads\/usu1753\/2022\/03\/maternidad-207x300.jpg 207w\" sizes=\"auto, (max-width: 345px) 100vw, 345px\" \/><\/a><\/td>\n<td style=\"width: 25%\"><a href=\"https:\/\/agora.xtec.cat\/escolabacdecerdanya\/wp-content\/uploads\/usu1753\/2022\/03\/acrobata-sobre-bola.jpeg\"><img loading=\"lazy\" decoding=\"async\" class=\"alignnone size-full wp-image-4536\" src=\"https:\/\/agora.xtec.cat\/escolabacdecerdanya\/wp-content\/uploads\/usu1753\/2022\/03\/acrobata-sobre-bola.jpeg\" alt=\"\" width=\"300\" height=\"451\" srcset=\"https:\/\/agora.xtec.cat\/escolabacdecerdanya\/wp-content\/uploads\/usu1753\/2022\/03\/acrobata-sobre-bola.jpeg 300w, https:\/\/agora.xtec.cat\/escolabacdecerdanya\/wp-content\/uploads\/usu1753\/2022\/03\/acrobata-sobre-bola-200x300.jpeg 200w\" sizes=\"auto, (max-width: 300px) 100vw, 300px\" \/><\/a><\/td>\n<\/tr>\n<\/tbody>\n<\/table>\n<p>I si cliqueu <a href=\"https:\/\/photos.app.goo.gl\/4z2tcWLumk3JHntX9\">AQU\u00cd<\/a> veureu que b\u00e9 vam treballar!<\/p>\n","protected":false},"excerpt":{"rendered":"<p>Seguim treballant Picasso a trav\u00e9s dels tallers de pl\u00e0stica i aquesta vegada hem descobert la seva \u00e8poca blava i rosa.<br \/>\nHem vist que a trav\u00e9s d&#8217;aquests colors, ell plasmava els seus sentiments. Mirant les pintures de la seva \u00e8poca blava hem vist que ren tristes i&hellip;  <a href=\"https:\/\/agora.xtec.cat\/escolabacdecerdanya\/general\/descobrim-picasso-i-la-seva-epoca-blava-i-rosa\/\" title=\"Read Descobrim PICASSO i la seva \u00e8poca blava i rosa\">Llegeix m\u00e9s\u00bb<\/a><\/p>\n","protected":false},"author":3,"featured_media":4537,"comment_status":"open","ping_status":"closed","sticky":false,"template":"","format":"standard","meta":{"_bbp_topic_count":0,"_bbp_reply_count":0,"_bbp_total_topic_count":0,"_bbp_total_reply_count":0,"_bbp_voice_count":0,"_bbp_anonymous_reply_count":0,"_bbp_topic_count_hidden":0,"_bbp_reply_count_hidden":0,"_bbp_forum_subforum_count":0,"footnotes":""},"categories":[10,104,1,61,4],"tags":[193,166],"class_list":["post-4532","post","type-post","status-publish","format-standard","has-post-thumbnail","hentry","category-1r","category-inicial","category-general","category-novetats","category-portada","tag-picasso","tag-projecte"],"post_mailing_queue_ids":[],"_links":{"self":[{"href":"https:\/\/agora.xtec.cat\/escolabacdecerdanya\/wp-json\/wp\/v2\/posts\/4532","targetHints":{"allow":["GET"]}}],"collection":[{"href":"https:\/\/agora.xtec.cat\/escolabacdecerdanya\/wp-json\/wp\/v2\/posts"}],"about":[{"href":"https:\/\/agora.xtec.cat\/escolabacdecerdanya\/wp-json\/wp\/v2\/types\/post"}],"author":[{"embeddable":true,"href":"https:\/\/agora.xtec.cat\/escolabacdecerdanya\/wp-json\/wp\/v2\/users\/3"}],"replies":[{"embeddable":true,"href":"https:\/\/agora.xtec.cat\/escolabacdecerdanya\/wp-json\/wp\/v2\/comments?post=4532"}],"version-history":[{"count":1,"href":"https:\/\/agora.xtec.cat\/escolabacdecerdanya\/wp-json\/wp\/v2\/posts\/4532\/revisions"}],"predecessor-version":[{"id":4538,"href":"https:\/\/agora.xtec.cat\/escolabacdecerdanya\/wp-json\/wp\/v2\/posts\/4532\/revisions\/4538"}],"wp:featuredmedia":[{"embeddable":true,"href":"https:\/\/agora.xtec.cat\/escolabacdecerdanya\/wp-json\/wp\/v2\/media\/4537"}],"wp:attachment":[{"href":"https:\/\/agora.xtec.cat\/escolabacdecerdanya\/wp-json\/wp\/v2\/media?parent=4532"}],"wp:term":[{"taxonomy":"category","embeddable":true,"href":"https:\/\/agora.xtec.cat\/escolabacdecerdanya\/wp-json\/wp\/v2\/categories?post=4532"},{"taxonomy":"post_tag","embeddable":true,"href":"https:\/\/agora.xtec.cat\/escolabacdecerdanya\/wp-json\/wp\/v2\/tags?post=4532"}],"curies":[{"name":"wp","href":"https:\/\/api.w.org\/{rel}","templated":true}]}}