{"id":4492,"date":"2022-03-10T09:44:47","date_gmt":"2022-03-10T08:44:47","guid":{"rendered":"https:\/\/agora.xtec.cat\/escolabacdecerdanya\/?p=4492"},"modified":"2022-03-10T09:44:47","modified_gmt":"2022-03-10T08:44:47","slug":"el-cicle-urba-de-laigua","status":"publish","type":"post","link":"https:\/\/agora.xtec.cat\/escolabacdecerdanya\/general\/el-cicle-urba-de-laigua\/","title":{"rendered":"El cicle urb\u00e0 de l&#8217;aigua"},"content":{"rendered":"<p>Durant la jornada d&#8217;ahir, tots els alumnes de prim\u00e0ria van assistir a l&#8217;exposici\u00f3 &#8220;Cicle urb\u00e0 de l&#8217;aigua Alp &#8211; LA Molina&#8221;.<\/p>\n<p>Ens van explicar el proc\u00e9s que segueix l&#8217;aigua des de la natura fins al consum hum\u00e0 o industrial, aix\u00ed com moltes altres curiositats sobre el seu cicle.<\/p>\n<p>L&#8217;activitat ha estat organitzada per l&#8217;Ajuntament d&#8217;Alp Agbar i es va dur a terme al pavell\u00f3 d&#8217;esports d&#8217;Alp, als que agra\u00efm la seva dedicaci\u00f3.<\/p>\n<p>Us convidem a veure&#8217;n les <a href=\"https:\/\/photos.app.goo.gl\/DPZkxGvwqooGqppr8\">imatges<\/a>!<\/p>\n<p><a href=\"https:\/\/photos.app.goo.gl\/DPZkxGvwqooGqppr8\"><img loading=\"lazy\" decoding=\"async\" class=\"alignleft  wp-image-4493\" src=\"https:\/\/agora.xtec.cat\/escolabacdecerdanya\/wp-content\/uploads\/usu1753\/2022\/03\/Foto-de-Assumpta-\u263a\ufe0f.jpg\" alt=\"\" width=\"548\" height=\"548\" srcset=\"https:\/\/agora.xtec.cat\/escolabacdecerdanya\/wp-content\/uploads\/usu1753\/2022\/03\/Foto-de-Assumpta-\u263a\ufe0f.jpg 2048w, https:\/\/agora.xtec.cat\/escolabacdecerdanya\/wp-content\/uploads\/usu1753\/2022\/03\/Foto-de-Assumpta-\u263a\ufe0f-300x300.jpg 300w, https:\/\/agora.xtec.cat\/escolabacdecerdanya\/wp-content\/uploads\/usu1753\/2022\/03\/Foto-de-Assumpta-\u263a\ufe0f-1024x1024.jpg 1024w, https:\/\/agora.xtec.cat\/escolabacdecerdanya\/wp-content\/uploads\/usu1753\/2022\/03\/Foto-de-Assumpta-\u263a\ufe0f-150x150.jpg 150w, https:\/\/agora.xtec.cat\/escolabacdecerdanya\/wp-content\/uploads\/usu1753\/2022\/03\/Foto-de-Assumpta-\u263a\ufe0f-768x768.jpg 768w, https:\/\/agora.xtec.cat\/escolabacdecerdanya\/wp-content\/uploads\/usu1753\/2022\/03\/Foto-de-Assumpta-\u263a\ufe0f-1536x1536.jpg 1536w\" sizes=\"auto, (max-width: 548px) 100vw, 548px\" \/><\/a><\/p>\n","protected":false},"excerpt":{"rendered":"<p>Durant la jornada d&#8217;ahir, tots els alumnes de prim\u00e0ria van assistir a l&#8217;exposici\u00f3 &#8220;Cicle urb\u00e0 de l&#8217;aigua Alp &#8211; LA Molina&#8221;.<br \/>\nEns van explicar el proc\u00e9s que segueix l&#8217;aigua des de la natura fins al consum hum\u00e0 o industrial, aix\u00ed com moltes altres curiositats sobre el&hellip;  <a href=\"https:\/\/agora.xtec.cat\/escolabacdecerdanya\/general\/el-cicle-urba-de-laigua\/\" title=\"Read El cicle urb\u00e0 de l&#8217;aigua\">Llegeix m\u00e9s\u00bb<\/a><\/p>\n","protected":false},"author":1,"featured_media":4493,"comment_status":"open","ping_status":"closed","sticky":false,"template":"","format":"standard","meta":{"_bbp_topic_count":0,"_bbp_reply_count":0,"_bbp_total_topic_count":0,"_bbp_total_reply_count":0,"_bbp_voice_count":0,"_bbp_anonymous_reply_count":0,"_bbp_topic_count_hidden":0,"_bbp_reply_count_hidden":0,"_bbp_forum_subforum_count":0,"footnotes":""},"categories":[104,105,76,1,4],"tags":[],"class_list":["post-4492","post","type-post","status-publish","format-standard","has-post-thumbnail","hentry","category-inicial","category-mitja","category-cicle-superior","category-general","category-portada"],"post_mailing_queue_ids":[],"_links":{"self":[{"href":"https:\/\/agora.xtec.cat\/escolabacdecerdanya\/wp-json\/wp\/v2\/posts\/4492","targetHints":{"allow":["GET"]}}],"collection":[{"href":"https:\/\/agora.xtec.cat\/escolabacdecerdanya\/wp-json\/wp\/v2\/posts"}],"about":[{"href":"https:\/\/agora.xtec.cat\/escolabacdecerdanya\/wp-json\/wp\/v2\/types\/post"}],"author":[{"embeddable":true,"href":"https:\/\/agora.xtec.cat\/escolabacdecerdanya\/wp-json\/wp\/v2\/users\/1"}],"replies":[{"embeddable":true,"href":"https:\/\/agora.xtec.cat\/escolabacdecerdanya\/wp-json\/wp\/v2\/comments?post=4492"}],"version-history":[{"count":1,"href":"https:\/\/agora.xtec.cat\/escolabacdecerdanya\/wp-json\/wp\/v2\/posts\/4492\/revisions"}],"predecessor-version":[{"id":4494,"href":"https:\/\/agora.xtec.cat\/escolabacdecerdanya\/wp-json\/wp\/v2\/posts\/4492\/revisions\/4494"}],"wp:featuredmedia":[{"embeddable":true,"href":"https:\/\/agora.xtec.cat\/escolabacdecerdanya\/wp-json\/wp\/v2\/media\/4493"}],"wp:attachment":[{"href":"https:\/\/agora.xtec.cat\/escolabacdecerdanya\/wp-json\/wp\/v2\/media?parent=4492"}],"wp:term":[{"taxonomy":"category","embeddable":true,"href":"https:\/\/agora.xtec.cat\/escolabacdecerdanya\/wp-json\/wp\/v2\/categories?post=4492"},{"taxonomy":"post_tag","embeddable":true,"href":"https:\/\/agora.xtec.cat\/escolabacdecerdanya\/wp-json\/wp\/v2\/tags?post=4492"}],"curies":[{"name":"wp","href":"https:\/\/api.w.org\/{rel}","templated":true}]}}