{"id":4467,"date":"2022-03-04T09:46:48","date_gmt":"2022-03-04T08:46:48","guid":{"rendered":"https:\/\/agora.xtec.cat\/escolabacdecerdanya\/?p=4467"},"modified":"2022-03-04T10:07:03","modified_gmt":"2022-03-04T09:07:03","slug":"el-judici-del-rei-carnestoltes-2022","status":"publish","type":"post","link":"https:\/\/agora.xtec.cat\/escolabacdecerdanya\/general\/el-judici-del-rei-carnestoltes-2022\/","title":{"rendered":"El Judici del Rei Carnestoltes 2022"},"content":{"rendered":"<h5>El dimecres dia 2 de mar\u00e7 vam celebrar el judici del rei Carnestoltes. Els alumnes de 6\u00e8 van representar el judici i la jutgessa va ser molt clara amb la condemna! El Carnestoltes ha de marxar!<\/h5>\n<p><iframe loading=\"lazy\" title=\"Judici al Rei Carnestoltes 2022\" width=\"500\" height=\"281\" src=\"https:\/\/www.youtube.com\/embed\/5IZ-T7XqfQA?feature=oembed\" frameborder=\"0\" allow=\"accelerometer; autoplay; clipboard-write; encrypted-media; gyroscope; picture-in-picture; web-share\" referrerpolicy=\"strict-origin-when-cross-origin\" allowfullscreen><\/iframe><\/p>\n<h6>Un cop celebrat el judici i amb la sent\u00e8ncia a la m\u00e0, vam cremar el Carnestoltes perqu\u00e8 els grans de l&#8217;escola poguessin saltar el foc, com ja \u00e9s tradici\u00f3.<\/h6>\n<p><a href=\"https:\/\/photos.app.goo.gl\/cvtHuQNcHirbQhYJ9\"><img loading=\"lazy\" decoding=\"async\" class=\"alignleft size-full wp-image-4469\" src=\"https:\/\/agora.xtec.cat\/escolabacdecerdanya\/wp-content\/uploads\/usu1753\/2022\/03\/20220302_153610.jpg\" alt=\"\" width=\"2016\" height=\"1134\" srcset=\"https:\/\/agora.xtec.cat\/escolabacdecerdanya\/wp-content\/uploads\/usu1753\/2022\/03\/20220302_153610.jpg 2016w, https:\/\/agora.xtec.cat\/escolabacdecerdanya\/wp-content\/uploads\/usu1753\/2022\/03\/20220302_153610-300x169.jpg 300w, https:\/\/agora.xtec.cat\/escolabacdecerdanya\/wp-content\/uploads\/usu1753\/2022\/03\/20220302_153610-1024x576.jpg 1024w, https:\/\/agora.xtec.cat\/escolabacdecerdanya\/wp-content\/uploads\/usu1753\/2022\/03\/20220302_153610-768x432.jpg 768w, https:\/\/agora.xtec.cat\/escolabacdecerdanya\/wp-content\/uploads\/usu1753\/2022\/03\/20220302_153610-1536x864.jpg 1536w\" sizes=\"auto, (max-width: 2016px) 100vw, 2016px\" \/><\/a><\/p>\n<h2>Fins l&#8217;any que ve Carnestoltes!!<\/h2>\n<p>(Cliqueu la imatge per veure l&#8217;\u00e0lbum de La Rostita)<\/p>\n","protected":false},"excerpt":{"rendered":"<p>El dimecres dia 2 de mar\u00e7 vam celebrar el judici del rei Carnestoltes. Els alumnes de 6\u00e8 van representar el judici i la jutgessa va ser molt clara amb la condemna! El Carnestoltes ha de marxar!<\/p>\n<p>Un cop celebrat el judici i amb la sent\u00e8ncia a&hellip;  <a href=\"https:\/\/agora.xtec.cat\/escolabacdecerdanya\/general\/el-judici-del-rei-carnestoltes-2022\/\" title=\"Read El Judici del Rei Carnestoltes 2022\">Llegeix m\u00e9s\u00bb<\/a><\/p>\n","protected":false},"author":1,"featured_media":4468,"comment_status":"open","ping_status":"closed","sticky":false,"template":"","format":"standard","meta":{"_bbp_topic_count":0,"_bbp_reply_count":0,"_bbp_total_topic_count":0,"_bbp_total_reply_count":0,"_bbp_voice_count":0,"_bbp_anonymous_reply_count":0,"_bbp_topic_count_hidden":0,"_bbp_reply_count_hidden":0,"_bbp_forum_subforum_count":0,"footnotes":""},"categories":[65,104,105,76,103,161,1,83,4],"tags":[],"class_list":["post-4467","post","type-post","status-publish","format-standard","has-post-thumbnail","hentry","category-carnestoltes","category-inicial","category-mitja","category-cicle-superior","category-infantil-2","category-festes","category-general","category-pati","category-portada"],"post_mailing_queue_ids":[],"_links":{"self":[{"href":"https:\/\/agora.xtec.cat\/escolabacdecerdanya\/wp-json\/wp\/v2\/posts\/4467","targetHints":{"allow":["GET"]}}],"collection":[{"href":"https:\/\/agora.xtec.cat\/escolabacdecerdanya\/wp-json\/wp\/v2\/posts"}],"about":[{"href":"https:\/\/agora.xtec.cat\/escolabacdecerdanya\/wp-json\/wp\/v2\/types\/post"}],"author":[{"embeddable":true,"href":"https:\/\/agora.xtec.cat\/escolabacdecerdanya\/wp-json\/wp\/v2\/users\/1"}],"replies":[{"embeddable":true,"href":"https:\/\/agora.xtec.cat\/escolabacdecerdanya\/wp-json\/wp\/v2\/comments?post=4467"}],"version-history":[{"count":3,"href":"https:\/\/agora.xtec.cat\/escolabacdecerdanya\/wp-json\/wp\/v2\/posts\/4467\/revisions"}],"predecessor-version":[{"id":4476,"href":"https:\/\/agora.xtec.cat\/escolabacdecerdanya\/wp-json\/wp\/v2\/posts\/4467\/revisions\/4476"}],"wp:featuredmedia":[{"embeddable":true,"href":"https:\/\/agora.xtec.cat\/escolabacdecerdanya\/wp-json\/wp\/v2\/media\/4468"}],"wp:attachment":[{"href":"https:\/\/agora.xtec.cat\/escolabacdecerdanya\/wp-json\/wp\/v2\/media?parent=4467"}],"wp:term":[{"taxonomy":"category","embeddable":true,"href":"https:\/\/agora.xtec.cat\/escolabacdecerdanya\/wp-json\/wp\/v2\/categories?post=4467"},{"taxonomy":"post_tag","embeddable":true,"href":"https:\/\/agora.xtec.cat\/escolabacdecerdanya\/wp-json\/wp\/v2\/tags?post=4467"}],"curies":[{"name":"wp","href":"https:\/\/api.w.org\/{rel}","templated":true}]}}