{"id":4456,"date":"2022-03-01T14:38:44","date_gmt":"2022-03-01T13:38:44","guid":{"rendered":"https:\/\/agora.xtec.cat\/escolabacdecerdanya\/?p=4456"},"modified":"2022-03-01T14:38:44","modified_gmt":"2022-03-01T13:38:44","slug":"projecte-mes-enlla-del-cel-2n","status":"publish","type":"post","link":"https:\/\/agora.xtec.cat\/escolabacdecerdanya\/general\/projecte-mes-enlla-del-cel-2n\/","title":{"rendered":"PrOjEcTe: MeS EnLL\u00e0 DeL cEL 2n"},"content":{"rendered":"<p style=\"padding-left: 40px\">Vam comen\u00e7ar el 2n Trimestre amb el Projecte: M\u00e9s Enll\u00e0 del Cel. S\u00faper interessant!! Quin munt de coses que hi ha a l&#8217;espai!! Ens ha agradat molt estudiar: els Sol, els planetes, els sat\u00e8l\u00b7lits, els meteorits, les gal\u00e0xies&#8230;Mireu com ho hem treballat! Cliqueu aquest enlla\u00e7 de l&#8217;\u00e0lbum.\u00a0<a href=\"https:\/\/photos.app.goo.gl\/v3JXNd7FzkP8mLNN6\">https:\/\/photos.app.goo.gl\/v3JXNd7FzkP8mLNN6<\/a><\/p>\n<p><a href=\"https:\/\/agora.xtec.cat\/escolabacdecerdanya\/wp-content\/uploads\/usu1753\/2022\/03\/IMG20220301130519-1-scaled.jpg\" data-wp-editing=\"1\"><img loading=\"lazy\" decoding=\"async\" class=\"size-large wp-image-4459 alignleft\" src=\"https:\/\/agora.xtec.cat\/escolabacdecerdanya\/wp-content\/uploads\/usu1753\/2022\/03\/IMG20220301130519-1-1024x578.jpg\" alt=\"\" width=\"1024\" height=\"578\" srcset=\"https:\/\/agora.xtec.cat\/escolabacdecerdanya\/wp-content\/uploads\/usu1753\/2022\/03\/IMG20220301130519-1-1024x578.jpg 1024w, https:\/\/agora.xtec.cat\/escolabacdecerdanya\/wp-content\/uploads\/usu1753\/2022\/03\/IMG20220301130519-1-300x169.jpg 300w, https:\/\/agora.xtec.cat\/escolabacdecerdanya\/wp-content\/uploads\/usu1753\/2022\/03\/IMG20220301130519-1-768x433.jpg 768w, https:\/\/agora.xtec.cat\/escolabacdecerdanya\/wp-content\/uploads\/usu1753\/2022\/03\/IMG20220301130519-1-1536x866.jpg 1536w, https:\/\/agora.xtec.cat\/escolabacdecerdanya\/wp-content\/uploads\/usu1753\/2022\/03\/IMG20220301130519-1-2048x1155.jpg 2048w\" sizes=\"auto, (max-width: 1024px) 100vw, 1024px\" \/><\/a><\/p>\n<p>&nbsp;<\/p>\n<p>&nbsp;<\/p>\n<p>&nbsp;<\/p>\n","protected":false},"excerpt":{"rendered":"<p>Vam comen\u00e7ar el 2n Trimestre amb el Projecte: M\u00e9s Enll\u00e0 del Cel. S\u00faper interessant!! Quin munt de coses que hi ha a l&#8217;espai!! Ens ha agradat molt estudiar: els Sol, els planetes, els sat\u00e8l\u00b7lits, els meteorits, les gal\u00e0xies&#8230;Mireu com ho hem treballat! Cliqueu aquest enlla\u00e7&hellip;  <a href=\"https:\/\/agora.xtec.cat\/escolabacdecerdanya\/general\/projecte-mes-enlla-del-cel-2n\/\" title=\"Read PrOjEcTe: MeS EnLL\u00e0 DeL cEL 2n\">Llegeix m\u00e9s\u00bb<\/a><\/p>\n","protected":false},"author":20,"featured_media":0,"comment_status":"open","ping_status":"closed","sticky":false,"template":"","format":"standard","meta":{"_bbp_topic_count":0,"_bbp_reply_count":0,"_bbp_total_topic_count":0,"_bbp_total_reply_count":0,"_bbp_voice_count":0,"_bbp_anonymous_reply_count":0,"_bbp_topic_count_hidden":0,"_bbp_reply_count_hidden":0,"_bbp_forum_subforum_count":0,"footnotes":""},"categories":[11,104,1,61,4],"tags":[],"class_list":["post-4456","post","type-post","status-publish","format-standard","hentry","category-2n","category-inicial","category-general","category-novetats","category-portada"],"post_mailing_queue_ids":[],"_links":{"self":[{"href":"https:\/\/agora.xtec.cat\/escolabacdecerdanya\/wp-json\/wp\/v2\/posts\/4456","targetHints":{"allow":["GET"]}}],"collection":[{"href":"https:\/\/agora.xtec.cat\/escolabacdecerdanya\/wp-json\/wp\/v2\/posts"}],"about":[{"href":"https:\/\/agora.xtec.cat\/escolabacdecerdanya\/wp-json\/wp\/v2\/types\/post"}],"author":[{"embeddable":true,"href":"https:\/\/agora.xtec.cat\/escolabacdecerdanya\/wp-json\/wp\/v2\/users\/20"}],"replies":[{"embeddable":true,"href":"https:\/\/agora.xtec.cat\/escolabacdecerdanya\/wp-json\/wp\/v2\/comments?post=4456"}],"version-history":[{"count":3,"href":"https:\/\/agora.xtec.cat\/escolabacdecerdanya\/wp-json\/wp\/v2\/posts\/4456\/revisions"}],"predecessor-version":[{"id":4461,"href":"https:\/\/agora.xtec.cat\/escolabacdecerdanya\/wp-json\/wp\/v2\/posts\/4456\/revisions\/4461"}],"wp:attachment":[{"href":"https:\/\/agora.xtec.cat\/escolabacdecerdanya\/wp-json\/wp\/v2\/media?parent=4456"}],"wp:term":[{"taxonomy":"category","embeddable":true,"href":"https:\/\/agora.xtec.cat\/escolabacdecerdanya\/wp-json\/wp\/v2\/categories?post=4456"},{"taxonomy":"post_tag","embeddable":true,"href":"https:\/\/agora.xtec.cat\/escolabacdecerdanya\/wp-json\/wp\/v2\/tags?post=4456"}],"curies":[{"name":"wp","href":"https:\/\/api.w.org\/{rel}","templated":true}]}}