{"id":4450,"date":"2022-02-27T18:24:19","date_gmt":"2022-02-27T17:24:19","guid":{"rendered":"https:\/\/agora.xtec.cat\/escolabacdecerdanya\/?p=4450"},"modified":"2022-02-27T18:24:19","modified_gmt":"2022-02-27T17:24:19","slug":"cm-esport-blanc-escolar-ebe","status":"publish","type":"post","link":"https:\/\/agora.xtec.cat\/escolabacdecerdanya\/general\/cm-esport-blanc-escolar-ebe\/","title":{"rendered":"CM &#8211; Esport Blanc Escolar (EBE)"},"content":{"rendered":"<p>Durant els mesos de gener i febrer, els alumnes de 3r i 4t hem participat tot els divendres al programa EBE, (Esport Blanc Escolar), on es pret\u00e9n que tots els alumnes del Pirineu puguin practicar i con\u00e8ixer diferents esports relacionats amb la neu. Hem realitzat dues sessions de snow i dues d&#8217;esqu\u00ed alp\u00ed a la Molina, i tamb\u00e9 dues d&#8217;esqu\u00ed de fons, una a Aransa i l&#8217;altre a Guils Fontanera. Es fa dif\u00edcil escollir un esport ja que en tots ens ho hem passat pipa i hem apr\u00e9s molt.<\/p>\n<p>Us deixem algunes fotos d&#8217;aquets dies a la neu:<\/p>\n<p style=\"text-align: center\"><a href=\"https:\/\/photos.app.goo.gl\/VsTC8jdBuK5T6WP87\">https:\/\/photos.app.goo.gl\/VsTC8jdBuK5T6WP87<\/a><\/p>\n<p>&nbsp;<\/p>\n","protected":false},"excerpt":{"rendered":"<p>Durant els mesos de gener i febrer, els alumnes de 3r i 4t hem participat tot els divendres al programa EBE, (Esport Blanc Escolar), on es pret\u00e9n que tots els alumnes del Pirineu puguin practicar i con\u00e8ixer diferents esports relacionats amb la neu. Hem realitzat&hellip;  <a href=\"https:\/\/agora.xtec.cat\/escolabacdecerdanya\/general\/cm-esport-blanc-escolar-ebe\/\" title=\"Read CM &#8211; Esport Blanc Escolar (EBE)\">Llegeix m\u00e9s\u00bb<\/a><\/p>\n","protected":false},"author":32,"featured_media":4451,"comment_status":"open","ping_status":"closed","sticky":false,"template":"","format":"standard","meta":{"_bbp_topic_count":0,"_bbp_reply_count":0,"_bbp_total_topic_count":0,"_bbp_total_reply_count":0,"_bbp_voice_count":0,"_bbp_anonymous_reply_count":0,"_bbp_topic_count_hidden":0,"_bbp_reply_count_hidden":0,"_bbp_forum_subforum_count":0,"footnotes":""},"categories":[12,13,105,1,4],"tags":[],"class_list":["post-4450","post","type-post","status-publish","format-standard","has-post-thumbnail","hentry","category-3r","category-4t","category-mitja","category-general","category-portada"],"post_mailing_queue_ids":[],"_links":{"self":[{"href":"https:\/\/agora.xtec.cat\/escolabacdecerdanya\/wp-json\/wp\/v2\/posts\/4450","targetHints":{"allow":["GET"]}}],"collection":[{"href":"https:\/\/agora.xtec.cat\/escolabacdecerdanya\/wp-json\/wp\/v2\/posts"}],"about":[{"href":"https:\/\/agora.xtec.cat\/escolabacdecerdanya\/wp-json\/wp\/v2\/types\/post"}],"author":[{"embeddable":true,"href":"https:\/\/agora.xtec.cat\/escolabacdecerdanya\/wp-json\/wp\/v2\/users\/32"}],"replies":[{"embeddable":true,"href":"https:\/\/agora.xtec.cat\/escolabacdecerdanya\/wp-json\/wp\/v2\/comments?post=4450"}],"version-history":[{"count":1,"href":"https:\/\/agora.xtec.cat\/escolabacdecerdanya\/wp-json\/wp\/v2\/posts\/4450\/revisions"}],"predecessor-version":[{"id":4452,"href":"https:\/\/agora.xtec.cat\/escolabacdecerdanya\/wp-json\/wp\/v2\/posts\/4450\/revisions\/4452"}],"wp:featuredmedia":[{"embeddable":true,"href":"https:\/\/agora.xtec.cat\/escolabacdecerdanya\/wp-json\/wp\/v2\/media\/4451"}],"wp:attachment":[{"href":"https:\/\/agora.xtec.cat\/escolabacdecerdanya\/wp-json\/wp\/v2\/media?parent=4450"}],"wp:term":[{"taxonomy":"category","embeddable":true,"href":"https:\/\/agora.xtec.cat\/escolabacdecerdanya\/wp-json\/wp\/v2\/categories?post=4450"},{"taxonomy":"post_tag","embeddable":true,"href":"https:\/\/agora.xtec.cat\/escolabacdecerdanya\/wp-json\/wp\/v2\/tags?post=4450"}],"curies":[{"name":"wp","href":"https:\/\/api.w.org\/{rel}","templated":true}]}}