{"id":4447,"date":"2022-02-24T15:26:26","date_gmt":"2022-02-24T14:26:26","guid":{"rendered":"https:\/\/agora.xtec.cat\/escolabacdecerdanya\/?p=4447"},"modified":"2022-02-24T15:26:26","modified_gmt":"2022-02-24T14:26:26","slug":"rostita-carnaval-2022","status":"publish","type":"post","link":"https:\/\/agora.xtec.cat\/escolabacdecerdanya\/general\/rostita-carnaval-2022\/","title":{"rendered":"ROSTITA\/Carnaval 2022"},"content":{"rendered":"<p>Avui \u00e9s dijous gras, i com \u00e9s tradici\u00f3 a la Cerdanya, els nens i nenes de l&#8217;Escola Bac de Cerdanya hem sortit a demanar Rostita.<\/p>\n<p>Enguany els alumnes van votar i van escollir com a tem\u00e0tica l&#8217;esport aix\u00ed que aquest mat\u00ed ens hem disfressat d&#8217;esports com el futbol, el karate, el beisbol, el patinatge art\u00edstic, el b\u00e0squet, l&#8217;alpinisme, l&#8217;hoquei gel i el futbol americ\u00e0, i hem fet una rua per Alp.<\/p>\n<p>Hem recollit ous, botifarres, galetes, patates i moltes coses m\u00e9s que avui ens menjarem per berenar i dem\u00e0 en farem un bon dinar!\u00a0 Moltes gr\u00e0cies a tothom!<\/p>\n<p>Si voleu veure&#8217;n les fotografies cliqueu <a href=\"https:\/\/photos.app.goo.gl\/cvtHuQNcHirbQhYJ9\">aqu\u00ed<\/a>.<\/p>\n<p><a href=\"https:\/\/photos.app.goo.gl\/cvtHuQNcHirbQhYJ9\"><img loading=\"lazy\" decoding=\"async\" class=\"alignnone size-full wp-image-4448\" src=\"https:\/\/agora.xtec.cat\/escolabacdecerdanya\/wp-content\/uploads\/usu1753\/2022\/02\/IMG_20220224_105505web.jpg\" alt=\"\" width=\"512\" height=\"512\" srcset=\"https:\/\/agora.xtec.cat\/escolabacdecerdanya\/wp-content\/uploads\/usu1753\/2022\/02\/IMG_20220224_105505web.jpg 512w, https:\/\/agora.xtec.cat\/escolabacdecerdanya\/wp-content\/uploads\/usu1753\/2022\/02\/IMG_20220224_105505web-300x300.jpg 300w, https:\/\/agora.xtec.cat\/escolabacdecerdanya\/wp-content\/uploads\/usu1753\/2022\/02\/IMG_20220224_105505web-150x150.jpg 150w\" sizes=\"auto, (max-width: 512px) 100vw, 512px\" \/><\/a><\/p>\n<p>&nbsp;<\/p>\n","protected":false},"excerpt":{"rendered":"<p>Avui \u00e9s dijous gras, i com \u00e9s tradici\u00f3 a la Cerdanya, els nens i nenes de l&#8217;Escola Bac de Cerdanya hem sortit a demanar Rostita.<br \/>\nEnguany els alumnes van votar i van escollir com a tem\u00e0tica l&#8217;esport aix\u00ed que aquest mat\u00ed ens hem disfressat d&#8217;esports com&hellip;  <a href=\"https:\/\/agora.xtec.cat\/escolabacdecerdanya\/general\/rostita-carnaval-2022\/\" title=\"Read ROSTITA\/Carnaval 2022\">Llegeix m\u00e9s\u00bb<\/a><\/p>\n","protected":false},"author":13,"featured_media":4448,"comment_status":"open","ping_status":"closed","sticky":false,"template":"","format":"standard","meta":{"_bbp_topic_count":0,"_bbp_reply_count":0,"_bbp_total_topic_count":0,"_bbp_total_reply_count":0,"_bbp_voice_count":0,"_bbp_anonymous_reply_count":0,"_bbp_topic_count_hidden":0,"_bbp_reply_count_hidden":0,"_bbp_forum_subforum_count":0,"footnotes":""},"categories":[65,1,61,4],"tags":[230,229],"class_list":["post-4447","post","type-post","status-publish","format-standard","has-post-thumbnail","hentry","category-carnestoltes","category-general","category-novetats","category-portada","tag-carnaval","tag-rostita"],"post_mailing_queue_ids":[],"_links":{"self":[{"href":"https:\/\/agora.xtec.cat\/escolabacdecerdanya\/wp-json\/wp\/v2\/posts\/4447","targetHints":{"allow":["GET"]}}],"collection":[{"href":"https:\/\/agora.xtec.cat\/escolabacdecerdanya\/wp-json\/wp\/v2\/posts"}],"about":[{"href":"https:\/\/agora.xtec.cat\/escolabacdecerdanya\/wp-json\/wp\/v2\/types\/post"}],"author":[{"embeddable":true,"href":"https:\/\/agora.xtec.cat\/escolabacdecerdanya\/wp-json\/wp\/v2\/users\/13"}],"replies":[{"embeddable":true,"href":"https:\/\/agora.xtec.cat\/escolabacdecerdanya\/wp-json\/wp\/v2\/comments?post=4447"}],"version-history":[{"count":1,"href":"https:\/\/agora.xtec.cat\/escolabacdecerdanya\/wp-json\/wp\/v2\/posts\/4447\/revisions"}],"predecessor-version":[{"id":4449,"href":"https:\/\/agora.xtec.cat\/escolabacdecerdanya\/wp-json\/wp\/v2\/posts\/4447\/revisions\/4449"}],"wp:featuredmedia":[{"embeddable":true,"href":"https:\/\/agora.xtec.cat\/escolabacdecerdanya\/wp-json\/wp\/v2\/media\/4448"}],"wp:attachment":[{"href":"https:\/\/agora.xtec.cat\/escolabacdecerdanya\/wp-json\/wp\/v2\/media?parent=4447"}],"wp:term":[{"taxonomy":"category","embeddable":true,"href":"https:\/\/agora.xtec.cat\/escolabacdecerdanya\/wp-json\/wp\/v2\/categories?post=4447"},{"taxonomy":"post_tag","embeddable":true,"href":"https:\/\/agora.xtec.cat\/escolabacdecerdanya\/wp-json\/wp\/v2\/tags?post=4447"}],"curies":[{"name":"wp","href":"https:\/\/api.w.org\/{rel}","templated":true}]}}