{"id":4431,"date":"2022-02-18T12:26:24","date_gmt":"2022-02-18T11:26:24","guid":{"rendered":"https:\/\/agora.xtec.cat\/escolabacdecerdanya\/?p=4431"},"modified":"2022-02-18T12:26:24","modified_gmt":"2022-02-18T11:26:24","slug":"ens-iniciem-en-el-code","status":"publish","type":"post","link":"https:\/\/agora.xtec.cat\/escolabacdecerdanya\/general\/ens-iniciem-en-el-code\/","title":{"rendered":"Ens iniciem en el CODE"},"content":{"rendered":"<p><span style=\"font-family: inherit;font-size: 1em\">Des de l&#8217;escola considerem fonamental aprendre ci\u00e8ncies de la computaci\u00f3, que inclouen habilitats &#8220;cada cop m\u00e9s necess\u00e0ries&#8221;.\u00a0 Diversos estudis indiquen que el pensament computacional fomentar\u00e0 en els propers anys les habilitats que es demandaran en les ocupacions del futur, que valoraran les compet\u00e8ncies com ara la l\u00f2gica, la resoluci\u00f3 de problemes, el pensament cr\u00edtic o la creativitat.\u00a0 \u00c9s per aix\u00f2 que els i les alumnes de 2n ens estem iniciant en el CODE i ens agrada molt!\u00a0 Mireu com n&#8217;estan d&#8217;aficionats treballant amb el seu usuari.<\/span><\/p>\n<p>Si cliqueu la fotografia podreu veure&#8217;n m\u00e9s fotos.<\/p>\n<p><a href=\"https:\/\/photos.app.goo.gl\/djV1v2iKamLB8M4B9\"><img loading=\"lazy\" decoding=\"async\" class=\"alignnone size-full wp-image-4432\" src=\"https:\/\/agora.xtec.cat\/escolabacdecerdanya\/wp-content\/uploads\/usu1753\/2022\/02\/IMG_20220215_083806.jpg\" alt=\"\" width=\"854\" height=\"480\" srcset=\"https:\/\/agora.xtec.cat\/escolabacdecerdanya\/wp-content\/uploads\/usu1753\/2022\/02\/IMG_20220215_083806.jpg 854w, https:\/\/agora.xtec.cat\/escolabacdecerdanya\/wp-content\/uploads\/usu1753\/2022\/02\/IMG_20220215_083806-300x169.jpg 300w, https:\/\/agora.xtec.cat\/escolabacdecerdanya\/wp-content\/uploads\/usu1753\/2022\/02\/IMG_20220215_083806-768x432.jpg 768w\" sizes=\"auto, (max-width: 854px) 100vw, 854px\" \/><\/a><\/p>\n","protected":false},"excerpt":{"rendered":"<p>Des de l&#8217;escola considerem fonamental aprendre ci\u00e8ncies de la computaci\u00f3, que inclouen habilitats &#8220;cada cop m\u00e9s necess\u00e0ries&#8221;.\u00a0 Diversos estudis indiquen que el pensament computacional fomentar\u00e0 en els propers anys les habilitats que es demandaran en les ocupacions del futur, que valoraran les compet\u00e8ncies com ara&hellip;  <a href=\"https:\/\/agora.xtec.cat\/escolabacdecerdanya\/general\/ens-iniciem-en-el-code\/\" title=\"Read Ens iniciem en el CODE\">Llegeix m\u00e9s\u00bb<\/a><\/p>\n","protected":false},"author":13,"featured_media":4432,"comment_status":"open","ping_status":"closed","sticky":false,"template":"","format":"standard","meta":{"_bbp_topic_count":0,"_bbp_reply_count":0,"_bbp_total_topic_count":0,"_bbp_total_reply_count":0,"_bbp_voice_count":0,"_bbp_anonymous_reply_count":0,"_bbp_topic_count_hidden":0,"_bbp_reply_count_hidden":0,"_bbp_forum_subforum_count":0,"footnotes":""},"categories":[104,1,61,4,116],"tags":[],"class_list":["post-4431","post","type-post","status-publish","format-standard","has-post-thumbnail","hentry","category-inicial","category-general","category-novetats","category-portada","category-tac"],"post_mailing_queue_ids":[],"_links":{"self":[{"href":"https:\/\/agora.xtec.cat\/escolabacdecerdanya\/wp-json\/wp\/v2\/posts\/4431","targetHints":{"allow":["GET"]}}],"collection":[{"href":"https:\/\/agora.xtec.cat\/escolabacdecerdanya\/wp-json\/wp\/v2\/posts"}],"about":[{"href":"https:\/\/agora.xtec.cat\/escolabacdecerdanya\/wp-json\/wp\/v2\/types\/post"}],"author":[{"embeddable":true,"href":"https:\/\/agora.xtec.cat\/escolabacdecerdanya\/wp-json\/wp\/v2\/users\/13"}],"replies":[{"embeddable":true,"href":"https:\/\/agora.xtec.cat\/escolabacdecerdanya\/wp-json\/wp\/v2\/comments?post=4431"}],"version-history":[{"count":1,"href":"https:\/\/agora.xtec.cat\/escolabacdecerdanya\/wp-json\/wp\/v2\/posts\/4431\/revisions"}],"predecessor-version":[{"id":4433,"href":"https:\/\/agora.xtec.cat\/escolabacdecerdanya\/wp-json\/wp\/v2\/posts\/4431\/revisions\/4433"}],"wp:featuredmedia":[{"embeddable":true,"href":"https:\/\/agora.xtec.cat\/escolabacdecerdanya\/wp-json\/wp\/v2\/media\/4432"}],"wp:attachment":[{"href":"https:\/\/agora.xtec.cat\/escolabacdecerdanya\/wp-json\/wp\/v2\/media?parent=4431"}],"wp:term":[{"taxonomy":"category","embeddable":true,"href":"https:\/\/agora.xtec.cat\/escolabacdecerdanya\/wp-json\/wp\/v2\/categories?post=4431"},{"taxonomy":"post_tag","embeddable":true,"href":"https:\/\/agora.xtec.cat\/escolabacdecerdanya\/wp-json\/wp\/v2\/tags?post=4431"}],"curies":[{"name":"wp","href":"https:\/\/api.w.org\/{rel}","templated":true}]}}