{"id":4393,"date":"2022-02-11T22:53:15","date_gmt":"2022-02-11T21:53:15","guid":{"rendered":"https:\/\/agora.xtec.cat\/escolabacdecerdanya\/?p=4393"},"modified":"2022-02-11T22:53:15","modified_gmt":"2022-02-11T21:53:15","slug":"dia-internacional-de-la-dona-i-la-nena-a-la-ciencia","status":"publish","type":"post","link":"https:\/\/agora.xtec.cat\/escolabacdecerdanya\/general\/dia-internacional-de-la-dona-i-la-nena-a-la-ciencia\/","title":{"rendered":"Dia Internacional de la Dona i la Nena a la Ci\u00e8ncia"},"content":{"rendered":"<p>Avui dia 11 de febrer amb motiu del Dia Internacional de la Dona i la Nena a la Ci\u00e8ncia, els alumnes de 6\u00e8 hem participat d&#8217;unes xerrades que s&#8217;han fet dins les jornades anomenades #100t\u00edfiques que volen, sobretot, propiciar l&#8217;impuls de vocacions cient\u00edfiques entre les nenes. Ha sigut una xerrada online i hem pogut con\u00e8ixer com \u00e9s la vida i la feina d&#8217;una dona cient\u00edfica, la Paula Mar\u00edn. Ha estat interessant ja que perqu\u00e8 una nena vulgui en un futur estudiar una branca de la ci\u00e8ncia, primer cal que tingui models a seguir. <strong>Cliqueu la imatge per veure les fotos!<\/strong><\/p>\n<p>&nbsp;<\/p>\n<p><a href=\"https:\/\/photos.app.goo.gl\/v9QdzWZnMtRMYbAs6\"><img loading=\"lazy\" decoding=\"async\" class=\" wp-image-4395 aligncenter\" src=\"https:\/\/agora.xtec.cat\/escolabacdecerdanya\/wp-content\/uploads\/usu1753\/2022\/02\/3414C586-3534-4CEB-B8B8-163A07B2BF4A-1-1024x335.jpeg\" alt=\"\" width=\"941\" height=\"308\" srcset=\"https:\/\/agora.xtec.cat\/escolabacdecerdanya\/wp-content\/uploads\/usu1753\/2022\/02\/3414C586-3534-4CEB-B8B8-163A07B2BF4A-1-1024x335.jpeg 1024w, https:\/\/agora.xtec.cat\/escolabacdecerdanya\/wp-content\/uploads\/usu1753\/2022\/02\/3414C586-3534-4CEB-B8B8-163A07B2BF4A-1-300x98.jpeg 300w, https:\/\/agora.xtec.cat\/escolabacdecerdanya\/wp-content\/uploads\/usu1753\/2022\/02\/3414C586-3534-4CEB-B8B8-163A07B2BF4A-1-768x251.jpeg 768w, https:\/\/agora.xtec.cat\/escolabacdecerdanya\/wp-content\/uploads\/usu1753\/2022\/02\/3414C586-3534-4CEB-B8B8-163A07B2BF4A-1-1536x502.jpeg 1536w, https:\/\/agora.xtec.cat\/escolabacdecerdanya\/wp-content\/uploads\/usu1753\/2022\/02\/3414C586-3534-4CEB-B8B8-163A07B2BF4A-1-2048x669.jpeg 2048w\" sizes=\"auto, (max-width: 941px) 100vw, 941px\" \/><\/a><\/p>\n","protected":false},"excerpt":{"rendered":"<p>Avui dia 11 de febrer amb motiu del Dia Internacional de la Dona i la Nena a la Ci\u00e8ncia, els alumnes de 6\u00e8 hem participat d&#8217;unes xerrades que s&#8217;han fet dins les jornades anomenades #100t\u00edfiques que volen, sobretot, propiciar l&#8217;impuls de vocacions cient\u00edfiques entre les&hellip;  <a href=\"https:\/\/agora.xtec.cat\/escolabacdecerdanya\/general\/dia-internacional-de-la-dona-i-la-nena-a-la-ciencia\/\" title=\"Read Dia Internacional de la Dona i la Nena a la Ci\u00e8ncia\">Llegeix m\u00e9s\u00bb<\/a><\/p>\n","protected":false},"author":27,"featured_media":4394,"comment_status":"open","ping_status":"closed","sticky":false,"template":"","format":"standard","meta":{"_bbp_topic_count":0,"_bbp_reply_count":0,"_bbp_total_topic_count":0,"_bbp_total_reply_count":0,"_bbp_voice_count":0,"_bbp_anonymous_reply_count":0,"_bbp_topic_count_hidden":0,"_bbp_reply_count_hidden":0,"_bbp_forum_subforum_count":0,"footnotes":""},"categories":[15,76,1,4],"tags":[],"class_list":["post-4393","post","type-post","status-publish","format-standard","has-post-thumbnail","hentry","category-6e","category-cicle-superior","category-general","category-portada"],"post_mailing_queue_ids":[],"_links":{"self":[{"href":"https:\/\/agora.xtec.cat\/escolabacdecerdanya\/wp-json\/wp\/v2\/posts\/4393","targetHints":{"allow":["GET"]}}],"collection":[{"href":"https:\/\/agora.xtec.cat\/escolabacdecerdanya\/wp-json\/wp\/v2\/posts"}],"about":[{"href":"https:\/\/agora.xtec.cat\/escolabacdecerdanya\/wp-json\/wp\/v2\/types\/post"}],"author":[{"embeddable":true,"href":"https:\/\/agora.xtec.cat\/escolabacdecerdanya\/wp-json\/wp\/v2\/users\/27"}],"replies":[{"embeddable":true,"href":"https:\/\/agora.xtec.cat\/escolabacdecerdanya\/wp-json\/wp\/v2\/comments?post=4393"}],"version-history":[{"count":2,"href":"https:\/\/agora.xtec.cat\/escolabacdecerdanya\/wp-json\/wp\/v2\/posts\/4393\/revisions"}],"predecessor-version":[{"id":4397,"href":"https:\/\/agora.xtec.cat\/escolabacdecerdanya\/wp-json\/wp\/v2\/posts\/4393\/revisions\/4397"}],"wp:featuredmedia":[{"embeddable":true,"href":"https:\/\/agora.xtec.cat\/escolabacdecerdanya\/wp-json\/wp\/v2\/media\/4394"}],"wp:attachment":[{"href":"https:\/\/agora.xtec.cat\/escolabacdecerdanya\/wp-json\/wp\/v2\/media?parent=4393"}],"wp:term":[{"taxonomy":"category","embeddable":true,"href":"https:\/\/agora.xtec.cat\/escolabacdecerdanya\/wp-json\/wp\/v2\/categories?post=4393"},{"taxonomy":"post_tag","embeddable":true,"href":"https:\/\/agora.xtec.cat\/escolabacdecerdanya\/wp-json\/wp\/v2\/tags?post=4393"}],"curies":[{"name":"wp","href":"https:\/\/api.w.org\/{rel}","templated":true}]}}