{"id":4340,"date":"2022-01-19T13:46:02","date_gmt":"2022-01-19T12:46:02","guid":{"rendered":"https:\/\/agora.xtec.cat\/escolabacdecerdanya\/?p=4340"},"modified":"2022-01-19T16:20:21","modified_gmt":"2022-01-19T15:20:21","slug":"activitats-desqui","status":"publish","type":"post","link":"https:\/\/agora.xtec.cat\/escolabacdecerdanya\/general\/activitats-desqui\/","title":{"rendered":"Activitats d&#8217;esqu\u00ed"},"content":{"rendered":"<p>Nom\u00e9s tornar de les vacances, els nens i nenes de l&#8217;escola, hem anat a l&#8217;Estaci\u00f3 d&#8217;esqu\u00ed de Masella per practicar l&#8217;esqu\u00ed alp\u00ed, l&#8217;snowboard i el telemark.<\/p>\n<p>Tamb\u00e9 anirem dos dies a Guils Fontanera: els alumnes de prim\u00e0ria practicarem l&#8217;esqu\u00ed n\u00f2rdic i els d&#8217;infantil ens tirarem en trineu i farem una excursi\u00f3 amb raquetes de neu.<\/p>\n<p>Si voleu veure&#8217;n les fotografies cliqueu <a href=\"https:\/\/photos.app.goo.gl\/PkUAfPqRx4Tpic3x6\">l&#8217;enlla\u00e7.<\/a><\/p>\n<p><a href=\"https:\/\/photos.app.goo.gl\/PkUAfPqRx4Tpic3x6\"><img loading=\"lazy\" decoding=\"async\" class=\"alignnone size-full wp-image-4341\" src=\"https:\/\/agora.xtec.cat\/escolabacdecerdanya\/wp-content\/uploads\/usu1753\/2022\/01\/20220111_104114.jpg\" alt=\"\" width=\"605\" height=\"341\" srcset=\"https:\/\/agora.xtec.cat\/escolabacdecerdanya\/wp-content\/uploads\/usu1753\/2022\/01\/20220111_104114.jpg 605w, https:\/\/agora.xtec.cat\/escolabacdecerdanya\/wp-content\/uploads\/usu1753\/2022\/01\/20220111_104114-300x169.jpg 300w\" sizes=\"auto, (max-width: 605px) 100vw, 605px\" \/><\/a><\/p>\n<p>Esqu\u00ed <a href=\"https:\/\/youtu.be\/VX_g86AqCDM\">P4<\/a><\/p>\n","protected":false},"excerpt":{"rendered":"<p>Nom\u00e9s tornar de les vacances, els nens i nenes de l&#8217;escola, hem anat a l&#8217;Estaci\u00f3 d&#8217;esqu\u00ed de Masella per practicar l&#8217;esqu\u00ed alp\u00ed, l&#8217;snowboard i el telemark.<br \/>\nTamb\u00e9 anirem dos dies a Guils Fontanera: els alumnes de prim\u00e0ria practicarem l&#8217;esqu\u00ed n\u00f2rdic i els d&#8217;infantil ens tirarem en&hellip;  <a href=\"https:\/\/agora.xtec.cat\/escolabacdecerdanya\/general\/activitats-desqui\/\" title=\"Read Activitats d&#8217;esqu\u00ed\">Llegeix m\u00e9s\u00bb<\/a><\/p>\n","protected":false},"author":13,"featured_media":4341,"comment_status":"open","ping_status":"closed","sticky":false,"template":"","format":"standard","meta":{"_bbp_topic_count":0,"_bbp_reply_count":0,"_bbp_total_topic_count":0,"_bbp_total_reply_count":0,"_bbp_voice_count":0,"_bbp_anonymous_reply_count":0,"_bbp_topic_count_hidden":0,"_bbp_reply_count_hidden":0,"_bbp_forum_subforum_count":0,"footnotes":""},"categories":[104,105,76,103,68,1,4,86],"tags":[173,172],"class_list":["post-4340","post","type-post","status-publish","format-standard","has-post-thumbnail","hentry","category-inicial","category-mitja","category-cicle-superior","category-infantil-2","category-esqui","category-general","category-portada","category-sortida","tag-esqui","tag-setmana-blanca"],"post_mailing_queue_ids":[],"_links":{"self":[{"href":"https:\/\/agora.xtec.cat\/escolabacdecerdanya\/wp-json\/wp\/v2\/posts\/4340","targetHints":{"allow":["GET"]}}],"collection":[{"href":"https:\/\/agora.xtec.cat\/escolabacdecerdanya\/wp-json\/wp\/v2\/posts"}],"about":[{"href":"https:\/\/agora.xtec.cat\/escolabacdecerdanya\/wp-json\/wp\/v2\/types\/post"}],"author":[{"embeddable":true,"href":"https:\/\/agora.xtec.cat\/escolabacdecerdanya\/wp-json\/wp\/v2\/users\/13"}],"replies":[{"embeddable":true,"href":"https:\/\/agora.xtec.cat\/escolabacdecerdanya\/wp-json\/wp\/v2\/comments?post=4340"}],"version-history":[{"count":2,"href":"https:\/\/agora.xtec.cat\/escolabacdecerdanya\/wp-json\/wp\/v2\/posts\/4340\/revisions"}],"predecessor-version":[{"id":4345,"href":"https:\/\/agora.xtec.cat\/escolabacdecerdanya\/wp-json\/wp\/v2\/posts\/4340\/revisions\/4345"}],"wp:featuredmedia":[{"embeddable":true,"href":"https:\/\/agora.xtec.cat\/escolabacdecerdanya\/wp-json\/wp\/v2\/media\/4341"}],"wp:attachment":[{"href":"https:\/\/agora.xtec.cat\/escolabacdecerdanya\/wp-json\/wp\/v2\/media?parent=4340"}],"wp:term":[{"taxonomy":"category","embeddable":true,"href":"https:\/\/agora.xtec.cat\/escolabacdecerdanya\/wp-json\/wp\/v2\/categories?post=4340"},{"taxonomy":"post_tag","embeddable":true,"href":"https:\/\/agora.xtec.cat\/escolabacdecerdanya\/wp-json\/wp\/v2\/tags?post=4340"}],"curies":[{"name":"wp","href":"https:\/\/api.w.org\/{rel}","templated":true}]}}