{"id":4329,"date":"2022-01-01T17:27:15","date_gmt":"2022-01-01T16:27:15","guid":{"rendered":"https:\/\/agora.xtec.cat\/escolabacdecerdanya\/?p=4329"},"modified":"2022-01-01T17:27:15","modified_gmt":"2022-01-01T16:27:15","slug":"a-5e-treballem-el-cos-huma","status":"publish","type":"post","link":"https:\/\/agora.xtec.cat\/escolabacdecerdanya\/general\/a-5e-treballem-el-cos-huma\/","title":{"rendered":"A 5\u00e8 treballem el COS HUM\u00c0!"},"content":{"rendered":"<p>La segona meitat del primer trimestre hem estat treballant a fons el cos hum\u00e0.<\/p>\n<p><a href=\"https:\/\/prezi.com\/view\/Le5sa4OeZrZeORoq5kIE\/\"><img loading=\"lazy\" decoding=\"async\" class=\"wp-image-4330 alignleft\" src=\"https:\/\/agora.xtec.cat\/escolabacdecerdanya\/wp-content\/uploads\/usu1753\/2022\/01\/human-anatomy-internal-organs-on-2599202-1024x683.jpg\" alt=\"\" width=\"388\" height=\"259\" srcset=\"https:\/\/agora.xtec.cat\/escolabacdecerdanya\/wp-content\/uploads\/usu1753\/2022\/01\/human-anatomy-internal-organs-on-2599202-1024x683.jpg 1024w, https:\/\/agora.xtec.cat\/escolabacdecerdanya\/wp-content\/uploads\/usu1753\/2022\/01\/human-anatomy-internal-organs-on-2599202-300x200.jpg 300w, https:\/\/agora.xtec.cat\/escolabacdecerdanya\/wp-content\/uploads\/usu1753\/2022\/01\/human-anatomy-internal-organs-on-2599202-768x512.jpg 768w, https:\/\/agora.xtec.cat\/escolabacdecerdanya\/wp-content\/uploads\/usu1753\/2022\/01\/human-anatomy-internal-organs-on-2599202.jpg 1500w\" sizes=\"auto, (max-width: 388px) 100vw, 388px\" \/><\/a>El fruit del nostre treball i recerca ha estat aquesta presentaci\u00f3 dels diferents aparells i sentits del nostre cos que hem preparat a TAC. Amb aquesta presentaci\u00f3 hem apr\u00e8s molt m\u00e9s del nostre cos i tamb\u00e9 hem publicat la nostra primera p\u00e0gina web!<\/p>\n<p>Si en voleu saber m\u00e9s hi podeu entrar.<\/p>\n<p>Hi ha molta informaci\u00f3!!!<\/p>\n","protected":false},"excerpt":{"rendered":"<p>La segona meitat del primer trimestre hem estat treballant a fons el cos hum\u00e0.<br \/>\n<a href=\"https:\/\/prezi.com\/view\/Le5sa4OeZrZeORoq5kIE\/\"><\/a>El fruit del nostre treball i recerca ha estat aquesta presentaci\u00f3 dels diferents aparells i sentits del nostre cos que hem preparat a TAC. Amb aquesta presentaci\u00f3 hem apr\u00e8s molt m\u00e9s&hellip;  <a href=\"https:\/\/agora.xtec.cat\/escolabacdecerdanya\/general\/a-5e-treballem-el-cos-huma\/\" title=\"Read A 5\u00e8 treballem el COS HUM\u00c0!\">Llegeix m\u00e9s\u00bb<\/a><\/p>\n","protected":false},"author":8,"featured_media":4330,"comment_status":"open","ping_status":"closed","sticky":false,"template":"","format":"standard","meta":{"_bbp_topic_count":0,"_bbp_reply_count":0,"_bbp_total_topic_count":0,"_bbp_total_reply_count":0,"_bbp_voice_count":0,"_bbp_anonymous_reply_count":0,"_bbp_topic_count_hidden":0,"_bbp_reply_count_hidden":0,"_bbp_forum_subforum_count":0,"footnotes":""},"categories":[14,76,1,141,61,4,116],"tags":[],"class_list":["post-4329","post","type-post","status-publish","format-standard","has-post-thumbnail","hentry","category-5e","category-cicle-superior","category-general","category-informatica","category-novetats","category-portada","category-tac"],"post_mailing_queue_ids":[],"_links":{"self":[{"href":"https:\/\/agora.xtec.cat\/escolabacdecerdanya\/wp-json\/wp\/v2\/posts\/4329","targetHints":{"allow":["GET"]}}],"collection":[{"href":"https:\/\/agora.xtec.cat\/escolabacdecerdanya\/wp-json\/wp\/v2\/posts"}],"about":[{"href":"https:\/\/agora.xtec.cat\/escolabacdecerdanya\/wp-json\/wp\/v2\/types\/post"}],"author":[{"embeddable":true,"href":"https:\/\/agora.xtec.cat\/escolabacdecerdanya\/wp-json\/wp\/v2\/users\/8"}],"replies":[{"embeddable":true,"href":"https:\/\/agora.xtec.cat\/escolabacdecerdanya\/wp-json\/wp\/v2\/comments?post=4329"}],"version-history":[{"count":1,"href":"https:\/\/agora.xtec.cat\/escolabacdecerdanya\/wp-json\/wp\/v2\/posts\/4329\/revisions"}],"predecessor-version":[{"id":4331,"href":"https:\/\/agora.xtec.cat\/escolabacdecerdanya\/wp-json\/wp\/v2\/posts\/4329\/revisions\/4331"}],"wp:featuredmedia":[{"embeddable":true,"href":"https:\/\/agora.xtec.cat\/escolabacdecerdanya\/wp-json\/wp\/v2\/media\/4330"}],"wp:attachment":[{"href":"https:\/\/agora.xtec.cat\/escolabacdecerdanya\/wp-json\/wp\/v2\/media?parent=4329"}],"wp:term":[{"taxonomy":"category","embeddable":true,"href":"https:\/\/agora.xtec.cat\/escolabacdecerdanya\/wp-json\/wp\/v2\/categories?post=4329"},{"taxonomy":"post_tag","embeddable":true,"href":"https:\/\/agora.xtec.cat\/escolabacdecerdanya\/wp-json\/wp\/v2\/tags?post=4329"}],"curies":[{"name":"wp","href":"https:\/\/api.w.org\/{rel}","templated":true}]}}