{"id":4319,"date":"2021-12-22T21:24:52","date_gmt":"2021-12-22T20:24:52","guid":{"rendered":"https:\/\/agora.xtec.cat\/escolabacdecerdanya\/?p=4319"},"modified":"2021-12-22T21:25:46","modified_gmt":"2021-12-22T20:25:46","slug":"1r-trimestre-cm","status":"publish","type":"post","link":"https:\/\/agora.xtec.cat\/escolabacdecerdanya\/general\/1r-trimestre-cm\/","title":{"rendered":"1r trimestre CM"},"content":{"rendered":"<p>Amb el primer trimestre ja acabat toca uns dies de rep\u00f2s i descans merescut. Durant aquest trimestre hem jugat, hem apr\u00e9s, hem cantat, hem rigut i tamb\u00e9 ens hem enfadat i alguna ll\u00e0grima ha caigut, per\u00f2 tot forma part de l&#8217;aprenentatge per cr\u00e9ixer i fer-se gran.<\/p>\n<p>Ens veiem al 2022, plens d&#8217;alegria i il\u00b7lusi\u00f3 per seguir creixent i aprenent junts!<\/p>\n<p>Esperem que passeu unes bones festes!<\/p>\n<p>Us deixem algunes fotos i v\u00eddeos del munt de coses que hem fet!<\/p>\n<p><a href=\"https:\/\/photos.app.goo.gl\/1QM9co8v1GaHfkLR7\">https:\/\/photos.app.goo.gl\/1QM9co8v1GaHfkLR7<\/a><\/p>\n<p><img loading=\"lazy\" decoding=\"async\" class=\" wp-image-4320 aligncenter\" src=\"https:\/\/agora.xtec.cat\/escolabacdecerdanya\/wp-content\/uploads\/usu1753\/2021\/12\/20210922_122857-300x297.jpg\" alt=\"\" width=\"367\" height=\"363\" srcset=\"https:\/\/agora.xtec.cat\/escolabacdecerdanya\/wp-content\/uploads\/usu1753\/2021\/12\/20210922_122857-300x297.jpg 300w, https:\/\/agora.xtec.cat\/escolabacdecerdanya\/wp-content\/uploads\/usu1753\/2021\/12\/20210922_122857-1024x1013.jpg 1024w, https:\/\/agora.xtec.cat\/escolabacdecerdanya\/wp-content\/uploads\/usu1753\/2021\/12\/20210922_122857-768x759.jpg 768w, https:\/\/agora.xtec.cat\/escolabacdecerdanya\/wp-content\/uploads\/usu1753\/2021\/12\/20210922_122857-1536x1519.jpg 1536w, https:\/\/agora.xtec.cat\/escolabacdecerdanya\/wp-content\/uploads\/usu1753\/2021\/12\/20210922_122857-2048x2025.jpg 2048w\" sizes=\"auto, (max-width: 367px) 100vw, 367px\" \/><\/p>\n","protected":false},"excerpt":{"rendered":"<p>Amb el primer trimestre ja acabat toca uns dies de rep\u00f2s i descans merescut. Durant aquest trimestre hem jugat, hem apr\u00e9s, hem cantat, hem rigut i tamb\u00e9 ens hem enfadat i alguna ll\u00e0grima ha caigut, per\u00f2 tot forma part de l&#8217;aprenentatge per cr\u00e9ixer i fer-se&hellip;  <a href=\"https:\/\/agora.xtec.cat\/escolabacdecerdanya\/general\/1r-trimestre-cm\/\" title=\"Read 1r trimestre CM\">Llegeix m\u00e9s\u00bb<\/a><\/p>\n","protected":false},"author":32,"featured_media":4320,"comment_status":"open","ping_status":"closed","sticky":false,"template":"","format":"standard","meta":{"_bbp_topic_count":0,"_bbp_reply_count":0,"_bbp_total_topic_count":0,"_bbp_total_reply_count":0,"_bbp_voice_count":0,"_bbp_anonymous_reply_count":0,"_bbp_topic_count_hidden":0,"_bbp_reply_count_hidden":0,"_bbp_forum_subforum_count":0,"footnotes":""},"categories":[12,13,105,1,4],"tags":[],"class_list":["post-4319","post","type-post","status-publish","format-standard","has-post-thumbnail","hentry","category-3r","category-4t","category-mitja","category-general","category-portada"],"post_mailing_queue_ids":[],"_links":{"self":[{"href":"https:\/\/agora.xtec.cat\/escolabacdecerdanya\/wp-json\/wp\/v2\/posts\/4319","targetHints":{"allow":["GET"]}}],"collection":[{"href":"https:\/\/agora.xtec.cat\/escolabacdecerdanya\/wp-json\/wp\/v2\/posts"}],"about":[{"href":"https:\/\/agora.xtec.cat\/escolabacdecerdanya\/wp-json\/wp\/v2\/types\/post"}],"author":[{"embeddable":true,"href":"https:\/\/agora.xtec.cat\/escolabacdecerdanya\/wp-json\/wp\/v2\/users\/32"}],"replies":[{"embeddable":true,"href":"https:\/\/agora.xtec.cat\/escolabacdecerdanya\/wp-json\/wp\/v2\/comments?post=4319"}],"version-history":[{"count":1,"href":"https:\/\/agora.xtec.cat\/escolabacdecerdanya\/wp-json\/wp\/v2\/posts\/4319\/revisions"}],"predecessor-version":[{"id":4321,"href":"https:\/\/agora.xtec.cat\/escolabacdecerdanya\/wp-json\/wp\/v2\/posts\/4319\/revisions\/4321"}],"wp:featuredmedia":[{"embeddable":true,"href":"https:\/\/agora.xtec.cat\/escolabacdecerdanya\/wp-json\/wp\/v2\/media\/4320"}],"wp:attachment":[{"href":"https:\/\/agora.xtec.cat\/escolabacdecerdanya\/wp-json\/wp\/v2\/media?parent=4319"}],"wp:term":[{"taxonomy":"category","embeddable":true,"href":"https:\/\/agora.xtec.cat\/escolabacdecerdanya\/wp-json\/wp\/v2\/categories?post=4319"},{"taxonomy":"post_tag","embeddable":true,"href":"https:\/\/agora.xtec.cat\/escolabacdecerdanya\/wp-json\/wp\/v2\/tags?post=4319"}],"curies":[{"name":"wp","href":"https:\/\/api.w.org\/{rel}","templated":true}]}}