{"id":4289,"date":"2021-12-18T18:19:12","date_gmt":"2021-12-18T17:19:12","guid":{"rendered":"https:\/\/agora.xtec.cat\/escolabacdecerdanya\/?p=4289"},"modified":"2021-12-18T18:19:12","modified_gmt":"2021-12-18T17:19:12","slug":"entrada-escola-cicle-mitja","status":"publish","type":"post","link":"https:\/\/agora.xtec.cat\/escolabacdecerdanya\/general\/entrada-escola-cicle-mitja\/","title":{"rendered":"Entrada escola cicle mitj\u00e0"},"content":{"rendered":"<p>Aquest hivern els alumnes de cicle mitj\u00e0 ens hem encarregat de la decoraci\u00f3 de l&#8217;entrada de l&#8217;escola i ho hem fet amb motius nadalencs. En un del plafons hem recreat l&#8217;interior d&#8217;una casa amb la seva llar de foc, mitjons i arbre de Nadal. Mentre que en l&#8217;altre plaf\u00f3 hem representat una paisatge d&#8217;hivern nevat.<\/p>\n<p>Us deixem algunes fotos per a que ho pugueu veure:\u00a0<a href=\"https:\/\/photos.app.goo.gl\/uoZ6VuNibPH2Q8EAA\">https:\/\/photos.app.goo.gl\/uoZ6VuNibPH2Q8EAA<\/a><\/p>\n<p>Esperem que us agradi!<\/p>\n<p><img loading=\"lazy\" decoding=\"async\" class=\"alignnone size-medium wp-image-4290 aligncenter\" src=\"https:\/\/agora.xtec.cat\/escolabacdecerdanya\/wp-content\/uploads\/usu1753\/2021\/12\/20211217_162636-300x175.jpg\" alt=\"\" width=\"300\" height=\"175\" srcset=\"https:\/\/agora.xtec.cat\/escolabacdecerdanya\/wp-content\/uploads\/usu1753\/2021\/12\/20211217_162636-300x175.jpg 300w, https:\/\/agora.xtec.cat\/escolabacdecerdanya\/wp-content\/uploads\/usu1753\/2021\/12\/20211217_162636-1024x596.jpg 1024w, https:\/\/agora.xtec.cat\/escolabacdecerdanya\/wp-content\/uploads\/usu1753\/2021\/12\/20211217_162636-768x447.jpg 768w, https:\/\/agora.xtec.cat\/escolabacdecerdanya\/wp-content\/uploads\/usu1753\/2021\/12\/20211217_162636-1536x894.jpg 1536w, https:\/\/agora.xtec.cat\/escolabacdecerdanya\/wp-content\/uploads\/usu1753\/2021\/12\/20211217_162636-2048x1192.jpg 2048w\" sizes=\"auto, (max-width: 300px) 100vw, 300px\" \/><\/p>\n","protected":false},"excerpt":{"rendered":"<p>Aquest hivern els alumnes de cicle mitj\u00e0 ens hem encarregat de la decoraci\u00f3 de l&#8217;entrada de l&#8217;escola i ho hem fet amb motius nadalencs. En un del plafons hem recreat l&#8217;interior d&#8217;una casa amb la seva llar de foc, mitjons i arbre de Nadal. Mentre&hellip;  <a href=\"https:\/\/agora.xtec.cat\/escolabacdecerdanya\/general\/entrada-escola-cicle-mitja\/\" title=\"Read Entrada escola cicle mitj\u00e0\">Llegeix m\u00e9s\u00bb<\/a><\/p>\n","protected":false},"author":32,"featured_media":4290,"comment_status":"open","ping_status":"closed","sticky":false,"template":"","format":"standard","meta":{"_bbp_topic_count":0,"_bbp_reply_count":0,"_bbp_total_topic_count":0,"_bbp_total_reply_count":0,"_bbp_voice_count":0,"_bbp_anonymous_reply_count":0,"_bbp_topic_count_hidden":0,"_bbp_reply_count_hidden":0,"_bbp_forum_subforum_count":0,"footnotes":""},"categories":[12,13,105,1,4],"tags":[],"class_list":["post-4289","post","type-post","status-publish","format-standard","has-post-thumbnail","hentry","category-3r","category-4t","category-mitja","category-general","category-portada"],"post_mailing_queue_ids":[],"_links":{"self":[{"href":"https:\/\/agora.xtec.cat\/escolabacdecerdanya\/wp-json\/wp\/v2\/posts\/4289","targetHints":{"allow":["GET"]}}],"collection":[{"href":"https:\/\/agora.xtec.cat\/escolabacdecerdanya\/wp-json\/wp\/v2\/posts"}],"about":[{"href":"https:\/\/agora.xtec.cat\/escolabacdecerdanya\/wp-json\/wp\/v2\/types\/post"}],"author":[{"embeddable":true,"href":"https:\/\/agora.xtec.cat\/escolabacdecerdanya\/wp-json\/wp\/v2\/users\/32"}],"replies":[{"embeddable":true,"href":"https:\/\/agora.xtec.cat\/escolabacdecerdanya\/wp-json\/wp\/v2\/comments?post=4289"}],"version-history":[{"count":1,"href":"https:\/\/agora.xtec.cat\/escolabacdecerdanya\/wp-json\/wp\/v2\/posts\/4289\/revisions"}],"predecessor-version":[{"id":4291,"href":"https:\/\/agora.xtec.cat\/escolabacdecerdanya\/wp-json\/wp\/v2\/posts\/4289\/revisions\/4291"}],"wp:featuredmedia":[{"embeddable":true,"href":"https:\/\/agora.xtec.cat\/escolabacdecerdanya\/wp-json\/wp\/v2\/media\/4290"}],"wp:attachment":[{"href":"https:\/\/agora.xtec.cat\/escolabacdecerdanya\/wp-json\/wp\/v2\/media?parent=4289"}],"wp:term":[{"taxonomy":"category","embeddable":true,"href":"https:\/\/agora.xtec.cat\/escolabacdecerdanya\/wp-json\/wp\/v2\/categories?post=4289"},{"taxonomy":"post_tag","embeddable":true,"href":"https:\/\/agora.xtec.cat\/escolabacdecerdanya\/wp-json\/wp\/v2\/tags?post=4289"}],"curies":[{"name":"wp","href":"https:\/\/api.w.org\/{rel}","templated":true}]}}