{"id":4244,"date":"2021-12-08T17:52:13","date_gmt":"2021-12-08T16:52:13","guid":{"rendered":"https:\/\/agora.xtec.cat\/escolabacdecerdanya\/?p=4244"},"modified":"2021-12-08T17:52:13","modified_gmt":"2021-12-08T16:52:13","slug":"quina-de-nadal-2021","status":"publish","type":"post","link":"https:\/\/agora.xtec.cat\/escolabacdecerdanya\/general\/quina-de-nadal-2021\/","title":{"rendered":"Quina de Nadal 2021"},"content":{"rendered":"<p><a href=\"https:\/\/agora.xtec.cat\/escolabacdecerdanya\/wp-content\/uploads\/usu1753\/2021\/12\/IMG-20211207-WA0070.jpg\"><img loading=\"lazy\" decoding=\"async\" class=\"wp-image-4245 alignright\" src=\"https:\/\/agora.xtec.cat\/escolabacdecerdanya\/wp-content\/uploads\/usu1753\/2021\/12\/IMG-20211207-WA0070-1024x1024.jpg\" alt=\"\" width=\"206\" height=\"206\" srcset=\"https:\/\/agora.xtec.cat\/escolabacdecerdanya\/wp-content\/uploads\/usu1753\/2021\/12\/IMG-20211207-WA0070-1024x1024.jpg 1024w, https:\/\/agora.xtec.cat\/escolabacdecerdanya\/wp-content\/uploads\/usu1753\/2021\/12\/IMG-20211207-WA0070-300x300.jpg 300w, https:\/\/agora.xtec.cat\/escolabacdecerdanya\/wp-content\/uploads\/usu1753\/2021\/12\/IMG-20211207-WA0070-150x150.jpg 150w, https:\/\/agora.xtec.cat\/escolabacdecerdanya\/wp-content\/uploads\/usu1753\/2021\/12\/IMG-20211207-WA0070-768x768.jpg 768w, https:\/\/agora.xtec.cat\/escolabacdecerdanya\/wp-content\/uploads\/usu1753\/2021\/12\/IMG-20211207-WA0070.jpg 1512w\" sizes=\"auto, (max-width: 206px) 100vw, 206px\" \/><\/a>Ahir vam poder recuperar la tradici\u00f3 de la Quina de l&#8217;escola!<\/p>\n<p>El curs passat va ser impossible organitzar la Quina per les mesures de prevenci\u00f3 de la Covid19. Aquest any, per\u00f2, l&#8217;hem pogut reprendre i ens ha fet una il\u00b7lusi\u00f3 especial tenint en compte la situaci\u00f3 de pand\u00e8mia actual i que aquest curs l&#8217;escola fa 50 anys!<\/p>\n<p><a href=\"https:\/\/agora.xtec.cat\/escolabacdecerdanya\/wp-content\/uploads\/usu1753\/2021\/12\/IMG-20211208-WA0000.jpg\"><img loading=\"lazy\" decoding=\"async\" class=\"wp-image-4246 alignleft\" src=\"https:\/\/agora.xtec.cat\/escolabacdecerdanya\/wp-content\/uploads\/usu1753\/2021\/12\/IMG-20211208-WA0000-1024x1024.jpg\" alt=\"\" width=\"206\" height=\"206\" srcset=\"https:\/\/agora.xtec.cat\/escolabacdecerdanya\/wp-content\/uploads\/usu1753\/2021\/12\/IMG-20211208-WA0000-1024x1024.jpg 1024w, https:\/\/agora.xtec.cat\/escolabacdecerdanya\/wp-content\/uploads\/usu1753\/2021\/12\/IMG-20211208-WA0000-300x300.jpg 300w, https:\/\/agora.xtec.cat\/escolabacdecerdanya\/wp-content\/uploads\/usu1753\/2021\/12\/IMG-20211208-WA0000-150x150.jpg 150w, https:\/\/agora.xtec.cat\/escolabacdecerdanya\/wp-content\/uploads\/usu1753\/2021\/12\/IMG-20211208-WA0000-768x768.jpg 768w, https:\/\/agora.xtec.cat\/escolabacdecerdanya\/wp-content\/uploads\/usu1753\/2021\/12\/IMG-20211208-WA0000.jpg 1512w\" sizes=\"auto, (max-width: 206px) 100vw, 206px\" \/><\/a>Des de l&#8217;organitzaci\u00f3 de la Quina volem donar les gr\u00e0cies especialment als col\u00b7laboradors que la fan possible amb les seves generoses aportacions, a l&#8217;Ajuntament d&#8217;Alp per cedir-nos l&#8217;espai i facilitar el muntatge, a totes les persones que vau venir ahir a jugar a la Quina i a compartir aquesta tradici\u00f3 amb nosaltres i, sobre tot,<a href=\"https:\/\/agora.xtec.cat\/escolabacdecerdanya\/wp-content\/uploads\/usu1753\/2021\/12\/IMG-20211208-WA0001.jpg\"><img loading=\"lazy\" decoding=\"async\" class=\"wp-image-4247 alignright\" src=\"https:\/\/agora.xtec.cat\/escolabacdecerdanya\/wp-content\/uploads\/usu1753\/2021\/12\/IMG-20211208-WA0001-1024x1024.jpg\" alt=\"\" width=\"209\" height=\"209\" srcset=\"https:\/\/agora.xtec.cat\/escolabacdecerdanya\/wp-content\/uploads\/usu1753\/2021\/12\/IMG-20211208-WA0001-1024x1024.jpg 1024w, https:\/\/agora.xtec.cat\/escolabacdecerdanya\/wp-content\/uploads\/usu1753\/2021\/12\/IMG-20211208-WA0001-300x300.jpg 300w, https:\/\/agora.xtec.cat\/escolabacdecerdanya\/wp-content\/uploads\/usu1753\/2021\/12\/IMG-20211208-WA0001-150x150.jpg 150w, https:\/\/agora.xtec.cat\/escolabacdecerdanya\/wp-content\/uploads\/usu1753\/2021\/12\/IMG-20211208-WA0001-768x768.jpg 768w, https:\/\/agora.xtec.cat\/escolabacdecerdanya\/wp-content\/uploads\/usu1753\/2021\/12\/IMG-20211208-WA0001.jpg 1512w\" sizes=\"auto, (max-width: 209px) 100vw, 209px\" \/><\/a> al grupet de mares i pares que tiren endavant l&#8217;organitzaci\u00f3 d&#8217;aquest esdeveniment amb molta il\u00b7lusi\u00f3 i esfor\u00e7.<\/p>\n<p>La Quina va ser tot un \u00e8xit! &#8230; nom\u00e9s us cal veure&#8217;n les imatges.<\/p>\n<p><a href=\"https:\/\/agora.xtec.cat\/escolabacdecerdanya\/wp-content\/uploads\/usu1753\/2021\/12\/IMG-20211208-WA0002.jpg\"><img loading=\"lazy\" decoding=\"async\" class=\"wp-image-4248 alignnone\" src=\"https:\/\/agora.xtec.cat\/escolabacdecerdanya\/wp-content\/uploads\/usu1753\/2021\/12\/IMG-20211208-WA0002-1024x1024.jpg\" alt=\"\" width=\"467\" height=\"467\" srcset=\"https:\/\/agora.xtec.cat\/escolabacdecerdanya\/wp-content\/uploads\/usu1753\/2021\/12\/IMG-20211208-WA0002-1024x1024.jpg 1024w, https:\/\/agora.xtec.cat\/escolabacdecerdanya\/wp-content\/uploads\/usu1753\/2021\/12\/IMG-20211208-WA0002-300x300.jpg 300w, https:\/\/agora.xtec.cat\/escolabacdecerdanya\/wp-content\/uploads\/usu1753\/2021\/12\/IMG-20211208-WA0002-150x150.jpg 150w, https:\/\/agora.xtec.cat\/escolabacdecerdanya\/wp-content\/uploads\/usu1753\/2021\/12\/IMG-20211208-WA0002-768x768.jpg 768w, https:\/\/agora.xtec.cat\/escolabacdecerdanya\/wp-content\/uploads\/usu1753\/2021\/12\/IMG-20211208-WA0002.jpg 1512w\" sizes=\"auto, (max-width: 467px) 100vw, 467px\" \/><\/a><\/p>\n","protected":false},"excerpt":{"rendered":"<p><a href=\"https:\/\/agora.xtec.cat\/escolabacdecerdanya\/wp-content\/uploads\/usu1753\/2021\/12\/IMG-20211207-WA0070.jpg\"><\/a>Ahir vam poder recuperar la tradici\u00f3 de la Quina de l&#8217;escola!<br \/>\nEl curs passat va ser impossible organitzar la Quina per les mesures de prevenci\u00f3 de la Covid19. Aquest any, per\u00f2, l&#8217;hem pogut reprendre i ens ha fet una il\u00b7lusi\u00f3 especial tenint en compte la&hellip;  <a href=\"https:\/\/agora.xtec.cat\/escolabacdecerdanya\/general\/quina-de-nadal-2021\/\" title=\"Read Quina de Nadal 2021\">Llegeix m\u00e9s\u00bb<\/a><\/p>\n","protected":false},"author":8,"featured_media":4245,"comment_status":"open","ping_status":"closed","sticky":false,"template":"","format":"standard","meta":{"_bbp_topic_count":0,"_bbp_reply_count":0,"_bbp_total_topic_count":0,"_bbp_total_reply_count":0,"_bbp_voice_count":0,"_bbp_anonymous_reply_count":0,"_bbp_topic_count_hidden":0,"_bbp_reply_count_hidden":0,"_bbp_forum_subforum_count":0,"footnotes":""},"categories":[7,60,161,1,69,61,4,70],"tags":[],"class_list":["post-4244","post","type-post","status-publish","format-standard","has-post-thumbnail","hentry","category-ampa","category-families","category-festes","category-general","category-nadal","category-novetats","category-portada","category-quina"],"post_mailing_queue_ids":[],"_links":{"self":[{"href":"https:\/\/agora.xtec.cat\/escolabacdecerdanya\/wp-json\/wp\/v2\/posts\/4244","targetHints":{"allow":["GET"]}}],"collection":[{"href":"https:\/\/agora.xtec.cat\/escolabacdecerdanya\/wp-json\/wp\/v2\/posts"}],"about":[{"href":"https:\/\/agora.xtec.cat\/escolabacdecerdanya\/wp-json\/wp\/v2\/types\/post"}],"author":[{"embeddable":true,"href":"https:\/\/agora.xtec.cat\/escolabacdecerdanya\/wp-json\/wp\/v2\/users\/8"}],"replies":[{"embeddable":true,"href":"https:\/\/agora.xtec.cat\/escolabacdecerdanya\/wp-json\/wp\/v2\/comments?post=4244"}],"version-history":[{"count":1,"href":"https:\/\/agora.xtec.cat\/escolabacdecerdanya\/wp-json\/wp\/v2\/posts\/4244\/revisions"}],"predecessor-version":[{"id":4249,"href":"https:\/\/agora.xtec.cat\/escolabacdecerdanya\/wp-json\/wp\/v2\/posts\/4244\/revisions\/4249"}],"wp:featuredmedia":[{"embeddable":true,"href":"https:\/\/agora.xtec.cat\/escolabacdecerdanya\/wp-json\/wp\/v2\/media\/4245"}],"wp:attachment":[{"href":"https:\/\/agora.xtec.cat\/escolabacdecerdanya\/wp-json\/wp\/v2\/media?parent=4244"}],"wp:term":[{"taxonomy":"category","embeddable":true,"href":"https:\/\/agora.xtec.cat\/escolabacdecerdanya\/wp-json\/wp\/v2\/categories?post=4244"},{"taxonomy":"post_tag","embeddable":true,"href":"https:\/\/agora.xtec.cat\/escolabacdecerdanya\/wp-json\/wp\/v2\/tags?post=4244"}],"curies":[{"name":"wp","href":"https:\/\/api.w.org\/{rel}","templated":true}]}}