{"id":4225,"date":"2021-11-30T12:58:01","date_gmt":"2021-11-30T11:58:01","guid":{"rendered":"https:\/\/agora.xtec.cat\/escolabacdecerdanya\/?p=4225"},"modified":"2021-11-30T12:58:35","modified_gmt":"2021-11-30T11:58:35","slug":"poema-ai-quin-fred-que-fa","status":"publish","type":"post","link":"https:\/\/agora.xtec.cat\/escolabacdecerdanya\/general\/poema-ai-quin-fred-que-fa\/","title":{"rendered":"Poema: Ai, quin fred que fa!"},"content":{"rendered":"<p>A la classe dels Pirates Rodamons hem apr\u00e8s un poema de Josep Carner.<\/p>\n<p>Ahir, despr\u00e9s de la nevada, per fi, va tenir m\u00e9s sentit i vam fer un v\u00eddeo per compartir el poema amb vosaltres.<\/p>\n<p>Desitge&#8217;m que us agradi.<\/p>\n<p><a href=\"https:\/\/photos.app.goo.gl\/4L2mWEYNruyC9UdAA\">https:\/\/photos.app.goo.gl\/4L2mWEYNruyC9UdAA<\/a><\/p>\n","protected":false},"excerpt":{"rendered":"<p>A la classe dels Pirates Rodamons hem apr\u00e8s un poema de Josep Carner.<br \/>\nAhir, despr\u00e9s de la nevada, per fi, va tenir m\u00e9s sentit i vam fer un v\u00eddeo per compartir el poema amb vosaltres.<br \/>\nDesitge&#8217;m que us agradi.<br \/>\n<a href=\"https:\/\/photos.app.goo.gl\/4L2mWEYNruyC9UdAA\">https:\/\/photos.app.goo.gl\/4L2mWEYNruyC9UdAA<\/a><\/p>\n","protected":false},"author":32,"featured_media":0,"comment_status":"open","ping_status":"closed","sticky":false,"template":"","format":"standard","meta":{"_bbp_topic_count":0,"_bbp_reply_count":0,"_bbp_total_topic_count":0,"_bbp_total_reply_count":0,"_bbp_voice_count":0,"_bbp_anonymous_reply_count":0,"_bbp_topic_count_hidden":0,"_bbp_reply_count_hidden":0,"_bbp_forum_subforum_count":0,"footnotes":""},"categories":[103,1,8,4],"tags":[],"class_list":["post-4225","post","type-post","status-publish","format-standard","hentry","category-infantil-2","category-general","category-p4","category-portada"],"post_mailing_queue_ids":[],"_links":{"self":[{"href":"https:\/\/agora.xtec.cat\/escolabacdecerdanya\/wp-json\/wp\/v2\/posts\/4225","targetHints":{"allow":["GET"]}}],"collection":[{"href":"https:\/\/agora.xtec.cat\/escolabacdecerdanya\/wp-json\/wp\/v2\/posts"}],"about":[{"href":"https:\/\/agora.xtec.cat\/escolabacdecerdanya\/wp-json\/wp\/v2\/types\/post"}],"author":[{"embeddable":true,"href":"https:\/\/agora.xtec.cat\/escolabacdecerdanya\/wp-json\/wp\/v2\/users\/32"}],"replies":[{"embeddable":true,"href":"https:\/\/agora.xtec.cat\/escolabacdecerdanya\/wp-json\/wp\/v2\/comments?post=4225"}],"version-history":[{"count":2,"href":"https:\/\/agora.xtec.cat\/escolabacdecerdanya\/wp-json\/wp\/v2\/posts\/4225\/revisions"}],"predecessor-version":[{"id":4227,"href":"https:\/\/agora.xtec.cat\/escolabacdecerdanya\/wp-json\/wp\/v2\/posts\/4225\/revisions\/4227"}],"wp:attachment":[{"href":"https:\/\/agora.xtec.cat\/escolabacdecerdanya\/wp-json\/wp\/v2\/media?parent=4225"}],"wp:term":[{"taxonomy":"category","embeddable":true,"href":"https:\/\/agora.xtec.cat\/escolabacdecerdanya\/wp-json\/wp\/v2\/categories?post=4225"},{"taxonomy":"post_tag","embeddable":true,"href":"https:\/\/agora.xtec.cat\/escolabacdecerdanya\/wp-json\/wp\/v2\/tags?post=4225"}],"curies":[{"name":"wp","href":"https:\/\/api.w.org\/{rel}","templated":true}]}}