{"id":4207,"date":"2021-11-25T11:34:22","date_gmt":"2021-11-25T10:34:22","guid":{"rendered":"https:\/\/agora.xtec.cat\/escolabacdecerdanya\/?p=4207"},"modified":"2021-11-25T13:37:46","modified_gmt":"2021-11-25T12:37:46","slug":"adeu-fatima","status":"publish","type":"post","link":"https:\/\/agora.xtec.cat\/escolabacdecerdanya\/general\/adeu-fatima\/","title":{"rendered":"Ad\u00e9u F\u00e0tima"},"content":{"rendered":"<p><b><img loading=\"lazy\" decoding=\"async\" class=\"alignleft wp-image-4209\" src=\"https:\/\/agora.xtec.cat\/escolabacdecerdanya\/wp-content\/uploads\/usu1753\/2021\/11\/10341862_10205029964696392_3324065600515380649_n.jpg\" alt=\"\" width=\"107\" height=\"107\" srcset=\"https:\/\/agora.xtec.cat\/escolabacdecerdanya\/wp-content\/uploads\/usu1753\/2021\/11\/10341862_10205029964696392_3324065600515380649_n.jpg 653w, https:\/\/agora.xtec.cat\/escolabacdecerdanya\/wp-content\/uploads\/usu1753\/2021\/11\/10341862_10205029964696392_3324065600515380649_n-300x300.jpg 300w, https:\/\/agora.xtec.cat\/escolabacdecerdanya\/wp-content\/uploads\/usu1753\/2021\/11\/10341862_10205029964696392_3324065600515380649_n-150x150.jpg 150w\" sizes=\"auto, (max-width: 107px) 100vw, 107px\" \/>Des de l\u2019Escola Bac de Cerdanya lamentem profundament la mort de la Sra. F\u00e0tima Zambot que durant molts anys ha estat membre representant del nostre Consell escolar i ha fet classes de logop\u00e8dia a molts dels nostres alumnes.<\/b><\/p>\n<p><strong>El m\u00e9s sincer condol a la seva fam\u00edlia i amics.<\/strong><\/p>\n<blockquote><p><em>F\u00e0tima,<\/em><\/p>\n<p><em>Et donem les gr\u00e0cies de tot cor pel teu esfor\u00e7 i dedicaci\u00f3.<\/em><\/p>\n<p><em>Amb tu se\u2019n va una gran persona.<\/em><\/p>\n<p><img decoding=\"async\" src=\"https:\/\/sites.google.com\/a\/xtec.cat\/bac-de-cerdanya-escola\/_\/rsrc\/1542033957662\/home\/BAC.png\" alt=\"ESCOLA BAC DE CERDANYA\" \/><img loading=\"lazy\" decoding=\"async\" class=\"\" src=\"http:\/\/www.palauplegamans.cat\/media\/site1\/cache\/images\/dol-llacnegre.jpg\" alt=\"L&amp;#39;Ajuntament es suma al condol per la mort de Jaume Padr\u00f3s, exregidor de l&amp;#39;Ajuntament durant els anys 60 | Ajuntament de Palau-solit\u00e0 i Plegamans\" width=\"270\" height=\"203\" \/><\/p><\/blockquote>\n","protected":false},"excerpt":{"rendered":"<p>Des de l\u2019Escola Bac de Cerdanya lamentem profundament la mort de la Sra. F\u00e0tima Zambot que durant molts anys ha estat membre representant del nostre Consell escolar i ha fet classes de logop\u00e8dia a molts dels nostres alumnes.<br \/>\nEl m\u00e9s sincer condol a la seva fam\u00edlia&hellip;  <a href=\"https:\/\/agora.xtec.cat\/escolabacdecerdanya\/general\/adeu-fatima\/\" title=\"Read Ad\u00e9u F\u00e0tima\">Llegeix m\u00e9s\u00bb<\/a><\/p>\n","protected":false},"author":1,"featured_media":4209,"comment_status":"open","ping_status":"closed","sticky":false,"template":"","format":"standard","meta":{"_bbp_topic_count":0,"_bbp_reply_count":0,"_bbp_total_topic_count":0,"_bbp_total_reply_count":0,"_bbp_voice_count":0,"_bbp_anonymous_reply_count":0,"_bbp_topic_count_hidden":0,"_bbp_reply_count_hidden":0,"_bbp_forum_subforum_count":0,"footnotes":""},"categories":[1,4],"tags":[],"class_list":["post-4207","post","type-post","status-publish","format-standard","has-post-thumbnail","hentry","category-general","category-portada"],"post_mailing_queue_ids":[],"_links":{"self":[{"href":"https:\/\/agora.xtec.cat\/escolabacdecerdanya\/wp-json\/wp\/v2\/posts\/4207","targetHints":{"allow":["GET"]}}],"collection":[{"href":"https:\/\/agora.xtec.cat\/escolabacdecerdanya\/wp-json\/wp\/v2\/posts"}],"about":[{"href":"https:\/\/agora.xtec.cat\/escolabacdecerdanya\/wp-json\/wp\/v2\/types\/post"}],"author":[{"embeddable":true,"href":"https:\/\/agora.xtec.cat\/escolabacdecerdanya\/wp-json\/wp\/v2\/users\/1"}],"replies":[{"embeddable":true,"href":"https:\/\/agora.xtec.cat\/escolabacdecerdanya\/wp-json\/wp\/v2\/comments?post=4207"}],"version-history":[{"count":3,"href":"https:\/\/agora.xtec.cat\/escolabacdecerdanya\/wp-json\/wp\/v2\/posts\/4207\/revisions"}],"predecessor-version":[{"id":4210,"href":"https:\/\/agora.xtec.cat\/escolabacdecerdanya\/wp-json\/wp\/v2\/posts\/4207\/revisions\/4210"}],"wp:featuredmedia":[{"embeddable":true,"href":"https:\/\/agora.xtec.cat\/escolabacdecerdanya\/wp-json\/wp\/v2\/media\/4209"}],"wp:attachment":[{"href":"https:\/\/agora.xtec.cat\/escolabacdecerdanya\/wp-json\/wp\/v2\/media?parent=4207"}],"wp:term":[{"taxonomy":"category","embeddable":true,"href":"https:\/\/agora.xtec.cat\/escolabacdecerdanya\/wp-json\/wp\/v2\/categories?post=4207"},{"taxonomy":"post_tag","embeddable":true,"href":"https:\/\/agora.xtec.cat\/escolabacdecerdanya\/wp-json\/wp\/v2\/tags?post=4207"}],"curies":[{"name":"wp","href":"https:\/\/api.w.org\/{rel}","templated":true}]}}