{"id":4187,"date":"2021-11-17T16:24:02","date_gmt":"2021-11-17T15:24:02","guid":{"rendered":"https:\/\/agora.xtec.cat\/escolabacdecerdanya\/?p=4187"},"modified":"2021-11-17T16:24:02","modified_gmt":"2021-11-17T15:24:02","slug":"ja-tenim-guanyadora-del-logo-del-50e-aniversari","status":"publish","type":"post","link":"https:\/\/agora.xtec.cat\/escolabacdecerdanya\/general\/ja-tenim-guanyadora-del-logo-del-50e-aniversari\/","title":{"rendered":"Ja tenim guanyadora del logo del 50\u00e8 aniversari!"},"content":{"rendered":"<p><a href=\"https:\/\/agora.xtec.cat\/escolabacdecerdanya\/wp-content\/uploads\/usu1753\/2021\/11\/IMG-20211117-WA0045.jpg\"><img loading=\"lazy\" decoding=\"async\" class=\"wp-image-4191 alignleft\" src=\"https:\/\/agora.xtec.cat\/escolabacdecerdanya\/wp-content\/uploads\/usu1753\/2021\/11\/IMG-20211117-WA0045-1024x1024.jpg\" alt=\"\" width=\"153\" height=\"153\" srcset=\"https:\/\/agora.xtec.cat\/escolabacdecerdanya\/wp-content\/uploads\/usu1753\/2021\/11\/IMG-20211117-WA0045-1024x1024.jpg 1024w, https:\/\/agora.xtec.cat\/escolabacdecerdanya\/wp-content\/uploads\/usu1753\/2021\/11\/IMG-20211117-WA0045-300x300.jpg 300w, https:\/\/agora.xtec.cat\/escolabacdecerdanya\/wp-content\/uploads\/usu1753\/2021\/11\/IMG-20211117-WA0045-150x150.jpg 150w, https:\/\/agora.xtec.cat\/escolabacdecerdanya\/wp-content\/uploads\/usu1753\/2021\/11\/IMG-20211117-WA0045-768x768.jpg 768w, https:\/\/agora.xtec.cat\/escolabacdecerdanya\/wp-content\/uploads\/usu1753\/2021\/11\/IMG-20211117-WA0045-1536x1536.jpg 1536w, https:\/\/agora.xtec.cat\/escolabacdecerdanya\/wp-content\/uploads\/usu1753\/2021\/11\/IMG-20211117-WA0045.jpg 1600w\" sizes=\"auto, (max-width: 153px) 100vw, 153px\" \/><\/a><strong>Felicitem a l&#8217;Anna Hansmann Fabra\u00a0 de 6\u00e8 ja que el seu dibuix ha estat el guanyador del logo del 50\u00e8 aniversari de l&#8217;Escola Bac de Cerdanya.<\/strong><a href=\"https:\/\/agora.xtec.cat\/escolabacdecerdanya\/wp-content\/uploads\/usu1753\/2021\/11\/IMG-20211117-WA0043.jpg\"><img loading=\"lazy\" decoding=\"async\" class=\"wp-image-4189 alignright\" src=\"https:\/\/agora.xtec.cat\/escolabacdecerdanya\/wp-content\/uploads\/usu1753\/2021\/11\/IMG-20211117-WA0043-1024x1024.jpg\" alt=\"\" width=\"255\" height=\"255\" srcset=\"https:\/\/agora.xtec.cat\/escolabacdecerdanya\/wp-content\/uploads\/usu1753\/2021\/11\/IMG-20211117-WA0043-1024x1024.jpg 1024w, https:\/\/agora.xtec.cat\/escolabacdecerdanya\/wp-content\/uploads\/usu1753\/2021\/11\/IMG-20211117-WA0043-300x300.jpg 300w, https:\/\/agora.xtec.cat\/escolabacdecerdanya\/wp-content\/uploads\/usu1753\/2021\/11\/IMG-20211117-WA0043-150x150.jpg 150w, https:\/\/agora.xtec.cat\/escolabacdecerdanya\/wp-content\/uploads\/usu1753\/2021\/11\/IMG-20211117-WA0043-768x768.jpg 768w, https:\/\/agora.xtec.cat\/escolabacdecerdanya\/wp-content\/uploads\/usu1753\/2021\/11\/IMG-20211117-WA0043-1536x1536.jpg 1536w, https:\/\/agora.xtec.cat\/escolabacdecerdanya\/wp-content\/uploads\/usu1753\/2021\/11\/IMG-20211117-WA0043.jpg 2048w\" sizes=\"auto, (max-width: 255px) 100vw, 255px\" \/><\/a><\/p>\n<p>Aquest ha estat l&#8217;escollit d&#8217;entre els dissenys que van fer els nens i nenes de tots els cursos de l&#8217;escola; despr\u00e9s de fer una tria de finalistes (a partir de les votacions dels alumnes) van quedar 5 dibuixos que us vam passar a trav\u00e9s d&#8217;un formulari perqu\u00e8 tota la comunitat educativa pogu\u00e9s votar.<\/p>\n<p><strong>Aquest ha estat el resultat i l&#8217;Anna la guanyadora.<a href=\"https:\/\/agora.xtec.cat\/escolabacdecerdanya\/wp-content\/uploads\/usu1753\/2021\/11\/IMG-20211111-WA0034.jpg\"><img loading=\"lazy\" decoding=\"async\" class=\"wp-image-4190 alignright\" src=\"https:\/\/agora.xtec.cat\/escolabacdecerdanya\/wp-content\/uploads\/usu1753\/2021\/11\/IMG-20211111-WA0034-1024x576.jpg\" alt=\"\" width=\"293\" height=\"165\" srcset=\"https:\/\/agora.xtec.cat\/escolabacdecerdanya\/wp-content\/uploads\/usu1753\/2021\/11\/IMG-20211111-WA0034-1024x576.jpg 1024w, https:\/\/agora.xtec.cat\/escolabacdecerdanya\/wp-content\/uploads\/usu1753\/2021\/11\/IMG-20211111-WA0034-300x169.jpg 300w, https:\/\/agora.xtec.cat\/escolabacdecerdanya\/wp-content\/uploads\/usu1753\/2021\/11\/IMG-20211111-WA0034-768x432.jpg 768w, https:\/\/agora.xtec.cat\/escolabacdecerdanya\/wp-content\/uploads\/usu1753\/2021\/11\/IMG-20211111-WA0034-1536x864.jpg 1536w, https:\/\/agora.xtec.cat\/escolabacdecerdanya\/wp-content\/uploads\/usu1753\/2021\/11\/IMG-20211111-WA0034.jpg 2048w\" sizes=\"auto, (max-width: 293px) 100vw, 293px\" \/><\/a><\/strong><\/p>\n<p><strong>Enhorabona Anna !!!!!<\/strong><\/p>\n","protected":false},"excerpt":{"rendered":"<p><a href=\"https:\/\/agora.xtec.cat\/escolabacdecerdanya\/wp-content\/uploads\/usu1753\/2021\/11\/IMG-20211117-WA0045.jpg\"><\/a>Felicitem a l&#8217;Anna Hansmann Fabra\u00a0 de 6\u00e8 ja que el seu dibuix ha estat el guanyador del logo del 50\u00e8 aniversari de l&#8217;Escola Bac de Cerdanya.<a href=\"https:\/\/agora.xtec.cat\/escolabacdecerdanya\/wp-content\/uploads\/usu1753\/2021\/11\/IMG-20211117-WA0043.jpg\"><\/a><br \/>\nAquest ha estat l&#8217;escollit d&#8217;entre els dissenys que van fer els nens i nenes de tots els cursos&hellip;  <a href=\"https:\/\/agora.xtec.cat\/escolabacdecerdanya\/general\/ja-tenim-guanyadora-del-logo-del-50e-aniversari\/\" title=\"Read Ja tenim guanyadora del logo del 50\u00e8 aniversari!\">Llegeix m\u00e9s\u00bb<\/a><\/p>\n","protected":false},"author":8,"featured_media":4191,"comment_status":"open","ping_status":"closed","sticky":false,"template":"","format":"standard","meta":{"_bbp_topic_count":0,"_bbp_reply_count":0,"_bbp_total_topic_count":0,"_bbp_total_reply_count":0,"_bbp_voice_count":0,"_bbp_anonymous_reply_count":0,"_bbp_topic_count_hidden":0,"_bbp_reply_count_hidden":0,"_bbp_forum_subforum_count":0,"footnotes":""},"categories":[104,105,76,91,103,1,61,4,79],"tags":[],"class_list":["post-4187","post","type-post","status-publish","format-standard","has-post-thumbnail","hentry","category-inicial","category-mitja","category-cicle-superior","category-concurs","category-infantil-2","category-general","category-novetats","category-portada","category-setman-cultural"],"post_mailing_queue_ids":[],"_links":{"self":[{"href":"https:\/\/agora.xtec.cat\/escolabacdecerdanya\/wp-json\/wp\/v2\/posts\/4187","targetHints":{"allow":["GET"]}}],"collection":[{"href":"https:\/\/agora.xtec.cat\/escolabacdecerdanya\/wp-json\/wp\/v2\/posts"}],"about":[{"href":"https:\/\/agora.xtec.cat\/escolabacdecerdanya\/wp-json\/wp\/v2\/types\/post"}],"author":[{"embeddable":true,"href":"https:\/\/agora.xtec.cat\/escolabacdecerdanya\/wp-json\/wp\/v2\/users\/8"}],"replies":[{"embeddable":true,"href":"https:\/\/agora.xtec.cat\/escolabacdecerdanya\/wp-json\/wp\/v2\/comments?post=4187"}],"version-history":[{"count":1,"href":"https:\/\/agora.xtec.cat\/escolabacdecerdanya\/wp-json\/wp\/v2\/posts\/4187\/revisions"}],"predecessor-version":[{"id":4192,"href":"https:\/\/agora.xtec.cat\/escolabacdecerdanya\/wp-json\/wp\/v2\/posts\/4187\/revisions\/4192"}],"wp:featuredmedia":[{"embeddable":true,"href":"https:\/\/agora.xtec.cat\/escolabacdecerdanya\/wp-json\/wp\/v2\/media\/4191"}],"wp:attachment":[{"href":"https:\/\/agora.xtec.cat\/escolabacdecerdanya\/wp-json\/wp\/v2\/media?parent=4187"}],"wp:term":[{"taxonomy":"category","embeddable":true,"href":"https:\/\/agora.xtec.cat\/escolabacdecerdanya\/wp-json\/wp\/v2\/categories?post=4187"},{"taxonomy":"post_tag","embeddable":true,"href":"https:\/\/agora.xtec.cat\/escolabacdecerdanya\/wp-json\/wp\/v2\/tags?post=4187"}],"curies":[{"name":"wp","href":"https:\/\/api.w.org\/{rel}","templated":true}]}}